{"id":32336,"date":"2022-03-04T12:40:04","date_gmt":"2022-03-04T15:40:04","guid":{"rendered":"https:\/\/infovera.com.ar\/web\/?p=32336"},"modified":"2022-03-06T12:05:07","modified_gmt":"2022-03-06T15:05:07","slug":"la-provincia-inauguro-el-ciclo-lectivo-2022-con-presencialidad-plena-en-los-niveles-inicial-primario-y-secundario","status":"publish","type":"post","link":"https:\/\/infovera.com.ar\/web\/2022\/03\/04\/la-provincia-inauguro-el-ciclo-lectivo-2022-con-presencialidad-plena-en-los-niveles-inicial-primario-y-secundario\/","title":{"rendered":"La provincia inaugur\u00f3 el ciclo lectivo 2022 con presencialidad plena en los niveles inicial, primario y secundario"},"content":{"rendered":"<p><strong>El acto se realiz\u00f3 en la Escuela Secundaria N\u00b0 330 &#8220;Rep\u00fablica de Grecia&#8221; de Granadero Baigorria. \u201cLa escuela est\u00e1 feliz porque vuelve a sentir las voces de sus chicos en sus aulas, pasillos y patios\u201d, afirm\u00f3 la ministra Cantero.<\/strong><\/p>\n<p>El gobierno provincial inaugur\u00f3 el ciclo lectivo 2022 en jardines de infantes, escuelas primarias y secundarias con presencialidad plena y protocolos de cuidado. En este marco, la ministra de Educaci\u00f3n, Adriana Cantero, destac\u00f3 que &#8220;este no es un inicio de ciclo lectivo com\u00fan, es un inicio despu\u00e9s de 2 a\u00f1os de sufrimiento, de incertidumbre por enfrentar lo desconocido, de tener que reinventarnos para poder sobrevivir y seguir andando\u201d.Y agreg\u00f3:<\/p>\n<p>\u201cEn ese proceso, la escuela fue la instituci\u00f3n de la sociedad m\u00e1s interpelada en sus formas, en sus modos habituales de funcionar, en el desaf\u00edo inmenso de tejer trama alrededor de las infancias y de las adolescencias a pesar de la distancia, de lo desconocido, de no poder planificar a largo alcance, por eso celebr\u00f3 que nos est\u00e9n acompa\u00f1ando las autoridades educativas, provinciales y principalmente los chicos, las chicas y las familias. Esta es la muestra de lo importante que es este d\u00eda para toda la comunidad santafesina&#8221;.<\/p>\n<p>En ese sentido, la ministra indic\u00f3 que &#8220;estamos hoy aqu\u00ed y celebramos en primer lugar que estamos vivos, qu\u00e9 estamos sanos y que a partir de eso podemos volver a encontrarnos, volver a entramar ese tejido social que se construye justamente desde la vincularidad, desde la afectividad, desde la posibilidad de reconocernos en la mirada del otro, de compartir tareas, aprendizajes, ense\u00f1anza pero precisamente con los otros\u201d.<\/p>\n<p>\u201cLa escuela est\u00e1 feliz porque vuelve a sentir las voces de sus chicos en sus aulas, en sus pasillos, en sus patios, porque puede comenzar hacer realmente efectiva esa inmensa pol\u00edtica distributiva que se encarna desde el Estado, y es la educaci\u00f3n p\u00fablica donde se distribuye en cada rinc\u00f3n de nuestra provincia, el patrimonio cultural donde se democratiza el acceso al saber&#8221;, sostuvo la titular de Educaci\u00f3n.<\/p>\n<p><strong>SOSTENER LOS CHICOS EN LA ESCUELA<\/strong><\/p>\n<p>Adem\u00e1s, Cantero manifest\u00f3: \u201cEn la escuela se juega tambi\u00e9n la formaci\u00f3n de una ciudadan\u00eda que la queremos cada vez m\u00e1s solidaria y m\u00e1s responsable con el bien com\u00fan, m\u00e1s comprometida, con todo el acervo de la cultura propia para poder comprender, desde all\u00ed, la cultura del mundo que habitamos por eso es tan importante que hoy est\u00e9n los chicos y chicas de primer a\u00f1o, porque son los que empiezan un tramo diferente de la trayectoria obligatoria ,empiezan la secundaria, y en esta escuela, donde quiero destacar que ha trabajado sistem\u00e1ticamente en el cuidado de las adolescencias, a\u00fan las m\u00e1s fr\u00e1giles, por eso hoy estamos en esta escuela, reconociendo este gran empe\u00f1o colectivo que tuvimos todos de cuidar que los chicos y las chicas no abandonaran la escuela\u201d.<\/p>\n<p>\u201cEsta instituci\u00f3n justamente \u2013continu\u00f3\u2013 fue capaz de dise\u00f1ar un dispositivo espec\u00edfico que sostuvo a muchos adolescentes que hab\u00edan perdido el deseo y la expectativa de estar aqu\u00ed. Por eso les comunicamos que desde el Ministerio de Educaci\u00f3n vamos a financiar este proyecto espec\u00edfico de la escuela N\u00ba\u00a0 330&#8243;.<\/p>\n<p>Por \u00faltimo, la titular de la cartera educativa les habl\u00f3 a los alumnos y alumnas presentes, expresandoles que &#8220;a los chicos y las chicas les deseamos que tengan un muy buen primer a\u00f1o, que realmente puedan disfrutar la escuela, que seguramente les va a ofrecer muchas oportunidades, que los vamos a desafiar en la posibilidad de aprender, de conocer, de inventar, de crear y de descubrir habilitando la palabra de ustedes todos los d\u00edas para que tengan voz y puedan hacer escuchar su voz, para que nosotros los adultos podamos pensar las mejores maneras de responder a las necesidades de cada uno de ustedes&#8221;.<\/p>\n<p>Por su parte, la directora de la escuela N\u00ba\u00a0 330, Mariana Rossi, expres\u00f3 en su bienvenida a la comunidad educativa que &#8220;estas palabras van dirigidas a qui\u00e9nes\u00a0 protagonizan todos los d\u00edas el tr\u00e1nsito en la escuela, nuestras alumnas y nuestros alumnos, hoy la escuela est\u00e1 feliz porque por fin tenemos un acto de inicio de ciclo lectivo con presencialidad plena, cuidada y en esta escuela 330 tenemos un lema que siempre mencionamos y es que\u00a0 &#8211; la escuela siempre es el mejor lugar&#8221;.<\/p>\n<p><strong>ENTREGA DE APORTES<\/strong><\/p>\n<p>En el mismo acto se hizo entrega de aportes FANI (Fondos Asistencia Necesidades Inmediatas) a las siguientes escuelas: Secundaria N\u00ba 330 de Granadero Baigorria por $ 80.000 para reparaciones en el patio, Primaria N\u00ba 6390 de San Lorenzo por un monto de $ 232.100 para la rehabilitaci\u00f3n del servicio de gas natural, Primaria N\u00ba 9020 de Granadero Baigorria para reparaci\u00f3n de sanitaros y cloacas, y para la Escuela de Formaci\u00f3n T\u00e9cnico Profesional N\u00ba 550 de la misma ciudad por un monto de $ 1.702.440 destinados a la terminaci\u00f3n de un aula.<\/p>\n<p><strong>PRESENTES<\/strong><\/p>\n<p>Estuvieron presentes el subsecretario de Educaci\u00f3n Secundaria, Gregorio Vietto; la subsecretaria de Educaci\u00f3n Superior, Patricia Moscato; la directora Provincial de Educaci\u00f3n Intercultural Biling\u00fce, Alejandra Cian; el director Provincial de Educaci\u00f3n Rural, Ubaldo L\u00f3pez; el director Provincial de Educaci\u00f3n Privada, Rodolfo Fabucci; la directora Provincia de Educaci\u00f3n Especial, Anal\u00eda Bello; el delegado de la Regi\u00f3n VI de Educaci\u00f3n,Osvaldo Biaggiotti; la directora de la Escuela anfitriona, Mariana Rossi; autoridades provinciales, representantes de sindicatos docentes, alumnas, alumnos y comunidad educativa de la escuela.<\/p>\n","protected":false},"excerpt":{"rendered":"<p>El acto se realiz\u00f3 en la Escuela Secundaria N\u00b0 330 &#8220;Rep\u00fablica de Grecia&#8221; de Granadero Baigorria. \u201cLa escuela est\u00e1 feliz porque vuelve a sentir las voces de sus chicos en sus aulas, pasillos y patios\u201d, afirm\u00f3 la ministra Cantero. El gobierno provincial inaugur\u00f3 el ciclo lectivo 2022 en jardines de infantes, escuelas primarias y secundarias [&hellip;]<\/p>\n","protected":false},"author":3,"featured_media":32337,"comment_status":"closed","ping_status":"closed","sticky":false,"template":"","format":"standard","meta":{"_joinchat":[],"footnotes":""},"categories":[60],"tags":[],"class_list":{"0":"post-32336","1":"post","2":"type-post","3":"status-publish","4":"format-standard","5":"has-post-thumbnail","7":"category-provinciales"},"_links":{"self":[{"href":"https:\/\/infovera.com.ar\/web\/wp-json\/wp\/v2\/posts\/32336","targetHints":{"allow":["GET"]}}],"collection":[{"href":"https:\/\/infovera.com.ar\/web\/wp-json\/wp\/v2\/posts"}],"about":[{"href":"https:\/\/infovera.com.ar\/web\/wp-json\/wp\/v2\/types\/post"}],"author":[{"embeddable":true,"href":"https:\/\/infovera.com.ar\/web\/wp-json\/wp\/v2\/users\/3"}],"replies":[{"embeddable":true,"href":"https:\/\/infovera.com.ar\/web\/wp-json\/wp\/v2\/comments?post=32336"}],"version-history":[{"count":0,"href":"https:\/\/infovera.com.ar\/web\/wp-json\/wp\/v2\/posts\/32336\/revisions"}],"wp:featuredmedia":[{"embeddable":true,"href":"https:\/\/infovera.com.ar\/web\/wp-json\/wp\/v2\/media\/32337"}],"wp:attachment":[{"href":"https:\/\/infovera.com.ar\/web\/wp-json\/wp\/v2\/media?parent=32336"}],"wp:term":[{"taxonomy":"category","embeddable":true,"href":"https:\/\/infovera.com.ar\/web\/wp-json\/wp\/v2\/categories?post=32336"},{"taxonomy":"post_tag","embeddable":true,"href":"https:\/\/infovera.com.ar\/web\/wp-json\/wp\/v2\/tags?post=32336"}],"curies":[{"name":"wp","href":"https:\/\/api.w.org\/{rel}","templated":true}]}}