{"id":32303,"date":"2022-03-03T13:10:31","date_gmt":"2022-03-03T16:10:31","guid":{"rendered":"https:\/\/infovera.com.ar\/web\/?p=32303"},"modified":"2022-03-04T14:12:14","modified_gmt":"2022-03-04T17:12:14","slug":"calchaqui-fue-elegida-para-un-estudio-de-erradicacion-de-basurales-en-latinoamerica","status":"publish","type":"post","link":"https:\/\/infovera.com.ar\/web\/2022\/03\/03\/calchaqui-fue-elegida-para-un-estudio-de-erradicacion-de-basurales-en-latinoamerica\/","title":{"rendered":"Calchaqu\u00ed fue seleccionada para un estudio de erradicaci\u00f3n de basurales en Latinoam\u00e9rica, por sobre Puerto Rico y Panam\u00e1"},"content":{"rendered":"<p><strong>La ciudad se Calchaqu\u00ed ser\u00e1 epicentro continental de un estudio en el terreno que dar\u00e1 herramientas para erradicar los basurales a cielo abierto.<\/strong><\/p>\n<p>Con la presencia de la ministra de Ambiente de la provincia \u00c9rica Gonnet y del intendente Rub\u00e9n Cuello, se anunci\u00f3 que la ciudad fue elegida por Naciolnes Unidas para llevar a cabo este proyecto para cerrar definitivamente las cavas.<\/p>\n<p>Del \u00e9xito de la prueba piloto que tendr\u00e1 lugar en Calchaqui depende que se replique la iniciativa en la provincia, el territorio nacional y Latinoam\u00e9rica, destac\u00f3 Gonnet.<\/p>\n<p>El estudio comenzar\u00e1 de inmediato en el basural ubicado en el noreste de la ciudad. Una vez completado, llegar\u00e1n los fondos para realizar la inversi\u00f3n necesaria que la clausura definitiva.<strong> Calchaqu\u00ed, en base a un proyecto presentado, fue seleccionada para un estudio de erradicaci\u00f3n de basurales en Latinoam\u00e9rica, por sobre Puerto Rico y Panam\u00e1, un logro hist\u00f3rico para la ciudad.<\/strong><\/p>\n<p>Cuello agradeci\u00f3 especialmente a la ministra Gonnet y al gobernador Omar Perotti por tener en cuenta siempre a Calchaqu\u00ed y puso de relieve que en su gobierno &#8220;siempre se apost\u00f3 por el cuidado del medioambiente, con la compra de contenedores de basura y cami\u00f3n recolector&#8221;,\u00a0 entre otras acciones.<\/p>\n<p><iframe loading=\"lazy\" title=\"Fondos de Naciones Unidas para erradicar el basural de Calchaqu\u00ed\" width=\"696\" height=\"392\" src=\"https:\/\/www.youtube.com\/embed\/X7a8vdKftNE?feature=oembed\" frameborder=\"0\" allow=\"accelerometer; autoplay; clipboard-write; encrypted-media; gyroscope; picture-in-picture; web-share\" referrerpolicy=\"strict-origin-when-cross-origin\" allowfullscreen><\/iframe><\/p>\n","protected":false},"excerpt":{"rendered":"<p>La ciudad se Calchaqu\u00ed ser\u00e1 epicentro continental de un estudio en el terreno que dar\u00e1 herramientas para erradicar los basurales a cielo abierto. Con la presencia de la ministra de Ambiente de la provincia \u00c9rica Gonnet y del intendente Rub\u00e9n Cuello, se anunci\u00f3 que la ciudad fue elegida por Naciolnes Unidas para llevar a cabo [&hellip;]<\/p>\n","protected":false},"author":3,"featured_media":32304,"comment_status":"closed","ping_status":"closed","sticky":false,"template":"","format":"standard","meta":{"_joinchat":[],"footnotes":""},"categories":[52],"tags":[],"class_list":{"0":"post-32303","1":"post","2":"type-post","3":"status-publish","4":"format-standard","5":"has-post-thumbnail","7":"category-calchaqui"},"_links":{"self":[{"href":"https:\/\/infovera.com.ar\/web\/wp-json\/wp\/v2\/posts\/32303","targetHints":{"allow":["GET"]}}],"collection":[{"href":"https:\/\/infovera.com.ar\/web\/wp-json\/wp\/v2\/posts"}],"about":[{"href":"https:\/\/infovera.com.ar\/web\/wp-json\/wp\/v2\/types\/post"}],"author":[{"embeddable":true,"href":"https:\/\/infovera.com.ar\/web\/wp-json\/wp\/v2\/users\/3"}],"replies":[{"embeddable":true,"href":"https:\/\/infovera.com.ar\/web\/wp-json\/wp\/v2\/comments?post=32303"}],"version-history":[{"count":0,"href":"https:\/\/infovera.com.ar\/web\/wp-json\/wp\/v2\/posts\/32303\/revisions"}],"wp:featuredmedia":[{"embeddable":true,"href":"https:\/\/infovera.com.ar\/web\/wp-json\/wp\/v2\/media\/32304"}],"wp:attachment":[{"href":"https:\/\/infovera.com.ar\/web\/wp-json\/wp\/v2\/media?parent=32303"}],"wp:term":[{"taxonomy":"category","embeddable":true,"href":"https:\/\/infovera.com.ar\/web\/wp-json\/wp\/v2\/categories?post=32303"},{"taxonomy":"post_tag","embeddable":true,"href":"https:\/\/infovera.com.ar\/web\/wp-json\/wp\/v2\/tags?post=32303"}],"curies":[{"name":"wp","href":"https:\/\/api.w.org\/{rel}","templated":true}]}}