{"id":32274,"date":"2022-03-02T18:55:08","date_gmt":"2022-03-02T21:55:08","guid":{"rendered":"https:\/\/infovera.com.ar\/web\/?p=32274"},"modified":"2022-03-04T13:38:04","modified_gmt":"2022-03-04T16:38:04","slug":"elevaron-a-juicio-la-causa-contra-dos-verenses-acusados-de-ser-narcos-barriales","status":"publish","type":"post","link":"https:\/\/infovera.com.ar\/web\/2022\/03\/02\/elevaron-a-juicio-la-causa-contra-dos-verenses-acusados-de-ser-narcos-barriales\/","title":{"rendered":"Elevaron a juicio la causa contra dos verenses acusados de ser narcos barriales"},"content":{"rendered":"<p><strong>La resoluci\u00f3n fue firmada por el juez federal de Reconquista Aldo Mario Alurralde.<\/strong><\/p>\n<p>El magistrado confirm\u00f3 hoy que elev\u00f3 a juicio la causa contra Ramona Ester Duarte y Alfredo Fabi\u00e1n Vicolungo, ambos de Vera.<\/p>\n<p>&#8220;En su momento se incaut\u00f3 coca\u00edna, marihuana y dinero en efectivo y fueron procesados con confirmaci\u00f3n de la C\u00e1mara (de Apelaciones de Resistencia) por el delito de tenencia de estufecientes con fines de comercializaci\u00f3n&#8221;, refiri\u00f3 el Dr. Alurralde a <strong>InfoVera<\/strong>.<\/p>\n<p><strong>El caso<\/strong><\/p>\n<p>El 5 de noviembre personal de Brigada Operativa Antinarcotica XIX de Vera, dependiente de la Agencia de Inteligencia Criminal de la Polic\u00eda de la Provincia de Santa Fe, dio cumplimiento a \u00f3rdenes de allanamiento libradas por el Juez Federal de Reconquista, Dr. Aldo Mario Alurralde.<\/p>\n<p>En el marco de investigaciones llevadas a cabo, en aquel momento se incaut\u00f3 material estupefaciente (coca\u00edna, marihuana y semillas de la especie vegetal cannabis sativa), recortes de nylon (para el fraccionamiento y posterior comercializaci\u00f3n de envoltorios), tel\u00e9fonos celulares, tarjetas de memoria y chips de telefon\u00eda celular, dinero en efectivo, entre otros elementos de inter\u00e9s a la causa; por lo que quedaron detenidos e investigados por infracci\u00f3n a la ley de estupefacientes.<\/p>\n","protected":false},"excerpt":{"rendered":"<p>La resoluci\u00f3n fue firmada por el juez federal de Reconquista Aldo Mario Alurralde. El magistrado confirm\u00f3 hoy que elev\u00f3 a juicio la causa contra Ramona Ester Duarte y Alfredo Fabi\u00e1n Vicolungo, ambos de Vera. &#8220;En su momento se incaut\u00f3 coca\u00edna, marihuana y dinero en efectivo y fueron procesados con confirmaci\u00f3n de la C\u00e1mara (de Apelaciones [&hellip;]<\/p>\n","protected":false},"author":3,"featured_media":32279,"comment_status":"closed","ping_status":"closed","sticky":false,"template":"","format":"standard","meta":{"_joinchat":[],"footnotes":""},"categories":[30,53],"tags":[],"class_list":{"0":"post-32274","1":"post","2":"type-post","3":"status-publish","4":"format-standard","5":"has-post-thumbnail","7":"category-policiales","8":"category-vera"},"_links":{"self":[{"href":"https:\/\/infovera.com.ar\/web\/wp-json\/wp\/v2\/posts\/32274","targetHints":{"allow":["GET"]}}],"collection":[{"href":"https:\/\/infovera.com.ar\/web\/wp-json\/wp\/v2\/posts"}],"about":[{"href":"https:\/\/infovera.com.ar\/web\/wp-json\/wp\/v2\/types\/post"}],"author":[{"embeddable":true,"href":"https:\/\/infovera.com.ar\/web\/wp-json\/wp\/v2\/users\/3"}],"replies":[{"embeddable":true,"href":"https:\/\/infovera.com.ar\/web\/wp-json\/wp\/v2\/comments?post=32274"}],"version-history":[{"count":0,"href":"https:\/\/infovera.com.ar\/web\/wp-json\/wp\/v2\/posts\/32274\/revisions"}],"wp:featuredmedia":[{"embeddable":true,"href":"https:\/\/infovera.com.ar\/web\/wp-json\/wp\/v2\/media\/32279"}],"wp:attachment":[{"href":"https:\/\/infovera.com.ar\/web\/wp-json\/wp\/v2\/media?parent=32274"}],"wp:term":[{"taxonomy":"category","embeddable":true,"href":"https:\/\/infovera.com.ar\/web\/wp-json\/wp\/v2\/categories?post=32274"},{"taxonomy":"post_tag","embeddable":true,"href":"https:\/\/infovera.com.ar\/web\/wp-json\/wp\/v2\/tags?post=32274"}],"curies":[{"name":"wp","href":"https:\/\/api.w.org\/{rel}","templated":true}]}}