{"id":32256,"date":"2022-03-02T14:25:44","date_gmt":"2022-03-02T17:25:44","guid":{"rendered":"https:\/\/infovera.com.ar\/web\/?p=32256"},"modified":"2022-03-02T14:25:44","modified_gmt":"2022-03-02T17:25:44","slug":"los-naipes-aun-estan-en-la-baraja","status":"publish","type":"post","link":"https:\/\/infovera.com.ar\/web\/2022\/03\/02\/los-naipes-aun-estan-en-la-baraja\/","title":{"rendered":"Los naipes aun est\u00e1n en la baraja"},"content":{"rendered":"<p><strong>Por Dar\u00edo H. Schueri.<\/strong><\/p>\n<p>\u201cReci\u00e9n ahora se est\u00e1 mezclando el mazo, las cartas comenzar\u00e1n a repartirse reci\u00e9n en la primavera- verano. Hay personajes que no quieren ceder espacios; el ego, las vanidades, mas las disputas de poder har\u00e1n su trabajo de trepanaci\u00f3n en muchas estructuras pol\u00edticas en este tiempo, sobremanera en los esquemas que tienen chances de volver o seguir en el poder\u201d, analiza un sobresaliente pol\u00edtico, que alguna vez tambi\u00e9n fue periodista.<\/p>\n<p><strong>El peronismo en estado catat\u00f3nico<\/strong><\/p>\n<p>El peronismo atraviesa una crisis importante, aunque lo disimule o lo termine exponiendo p\u00fablicamente el poder, del cual algunos sectores no se sienten participados por el Gobernador Perotti, a quien ya se\u00f1alan como un conductor que s\u00f3lo salvar\u00e1 a quienes van con \u00e9l en su auto: Hacemos Santa Fe.<\/p>\n<p>Si CFK no lo unge como el candidato sucesor de Alberto Fern\u00e1ndez, el destino de Omar Perotti (a menos que desee volver al Congreso como diputado nacional) no ser\u00eda otro m\u00e1s que encabezar la lista de diputados provinciales de su delf\u00edn (\u00bfMirabella?, \u00bfArena?, \u00bfGonnet?, \u00bfGrandinetti?) para, como lo hicieran Antonio Bonfatti y Miguel Lifschitz, presidir la C\u00e1mara de Diputados, y desde all\u00ed abonar el terreno para retornar al Sill\u00f3n del Brigadier en el 2027.<\/p>\n<p>O en el peor de los casos, comprometerle los dos tercios de la C\u00e1mara al eventual Gobernador de la oposici\u00f3n.<\/p>\n<p>El titular del PJ Ricardo Olivera intenta reeditar la alquimia con la que arribaron a la Casa Gris en el a\u00f1o 2019; pero le resulta a esta altura poco menos que una haza\u00f1a, toda vez que dar\u00eda la impresi\u00f3n que en el peronismo nadie percibir\u00eda un triunfo posible el a\u00f1o que viene (a menos que la oposici\u00f3n se equivoque estrepitosamente con la \u201cayuda forzada\u201d del oficialismo) y entonces se estar\u00eda apelando al ego\u00edsta \u201cs\u00e1lvese quien pueda\u201d, sin construcci\u00f3n colectiva alguno que los contenga, organice y gu\u00ede.<\/p>\n<p>\u00bfHasta d\u00f3nde llegar\u00e1 la fuerza de voluntad del presidente del Partido para insistir con lo que pareciera ser una quimera?.<\/p>\n<p>\u201cOmar Perotti desde el momento en que gan\u00f3 ya ten\u00eda formateada la idea que se ver\u00e1 de manera patente \u2013 y pat\u00e9tica para el peronismo \u2013 este a\u00f1o; esto es, prescindir del peronismo org\u00e1nicamente y avanzar hasta donde se pueda con los leales; eso es ni m\u00e1s ni menos Hacemos Santa Fe\u201d, razonaba un l\u00facido dirigente radical.<\/p>\n<p><strong>La oposici\u00f3n tambi\u00e9n tiene lo suyo<\/strong><\/p>\n<p>En la oposici\u00f3n, la hoguera de las vanidades en la lucha por un poder que ven posible, arde y se aviva con el soplo de vientos que van rotando, aunque sin peligro, por ahora, de descontrolar el fuego sagrado de la conquista del poder, al punto tal que los incinere a todos.<\/p>\n<p>La inmediata precandidatura a gobernador del radical Maximiliano Pullaro marc\u00f3 el punto de inflexi\u00f3n en ese mosaico innominado llamado gen\u00e9ricamente \u201cla oposici\u00f3n\u201d \u00f3 \u201cno peronismo\u201d.<\/p>\n<p>Una lista de unidad entre los dos principales sectores radicales (y sus ocasionales aliados): el Pullarismo y el binomio Galdeano &#8211; Barletta parecer\u00eda improbable. Por ahora, ambos apelan a la consigna romana \u201csi quieres la paz, prep\u00e1rate para la guerra\u201d, que traducido al lenguaje pol\u00edtico significa: si enfrente (el PS y otras fuerzas) se unen porque nos ven divididos, no tendremos m\u00e1s remedio que juntarnos. Y cada pondr\u00e1 sobre la mesa lo que construy\u00f3. Caso contrario, habr\u00e1 internas.<\/p>\n<p>El l\u00edder del PDP Gabriel Real quiere reunir en su local partidario de Rosario a todos los sectores \u2013 inclusive a Rub\u00e9n Giustiniani \u2013 que confluir\u00edan en un nuevo frente (a Real no le gusta hablar de \u201cfrente de frentes\u201d, quiere una nueva identidad al estilo FPCyS) para ordenar el mazo a los fines de poder jugar ordenadamente; cada cual con sus aspiraciones, pero de manera concertada.<\/p>\n<p>Hoy el \u201cfrente de frentes\u201d podr\u00eda contar en principio y org\u00e1nicamente, con quienes ostentan representaci\u00f3n parlamentaria: PS, radicalismo, PDP, GEN, UNO, Coalici\u00f3n C\u00edvica, Creo y PRO.<\/p>\n<p>Quedar\u00edan por seducir a quienes tambi\u00e9n tienen bancas en Diputados: Somos Vida Santa Fe \u2013 UNITE (Betina Florito), Vida y Familia (Nicol\u00e1s Mayoraz) y Uni\u00f3n Federal (Amalia Granata).<\/p>\n<p><strong>La bajada de l\u00ednea nacional<\/strong><\/p>\n<p>Por m\u00e1s que Pablo Javkin le haya sugerido a Antonio Bonfatti que no deber\u00edan mezclarse los tantos entre la elecci\u00f3n provincial y la nacional, es imposible que las paralelas no se junten: las casas matrices en CABA buscar\u00e1n referencias locales para sus internas presidenciales, e indudablemente repercutir\u00e1 en las adelantadas elecciones santafesinas.<\/p>\n<p>Los libertarios de Milei \u2013 en Santa Fe aliados con UNITE &#8211;\u00a0 seguramente armar\u00e1n en todo el pa\u00eds, por ahora para las generales presidenciales.<\/p>\n<p><strong>Presupuesto 2022: primera pulseada entre Perotti y la oposici\u00f3n<\/strong><\/p>\n<p>Omar Perotti y la oposici\u00f3n medir\u00e1n fuerzas el jueves 10 de marzo, cuando la C\u00e1mara de Diputados seguramente le imponga algunos p\u00e1rrafos \u2013 y quite otros \u2013 a la media sanci\u00f3n de Senadores del presupuesto 2022 para que regrese al Senado, donde la \u201cunidad en la diversidad\u201d de los 12 peronistas para la mayor\u00eda simple, ya se plasm\u00f3 en diciembre del 2021 cuando la Ley de Leyes sali\u00f3 aprobada por unanimidad.<\/p>\n<p>En esta revisi\u00f3n 2022, los radicales acompa\u00f1ar\u00edan las modificaciones de Diputados (porque en el \u00ednterin \u201cpasaron cosas\u201d que modificar\u00edan su actitud de diciembre), pero son solo siete frente a la docena de manos levantadas del PJ (salvo que tambi\u00e9n hayan \u201cpasado cosas\u201d all\u00ed desde diciembre hasta ahora).<\/p>\n<p>Al regresar el presupuesto a Diputados en segunda revisi\u00f3n, la oposici\u00f3n necesitar\u00eda los dos tercios para imponer los cambios.<\/p>\n<p>Una mayor\u00eda agravada que mostrar\u00eda como se est\u00e1n mezclando las cartas en el mazo.<\/p>\n","protected":false},"excerpt":{"rendered":"<p>Por Dar\u00edo H. Schueri. \u201cReci\u00e9n ahora se est\u00e1 mezclando el mazo, las cartas comenzar\u00e1n a repartirse reci\u00e9n en la primavera- verano. Hay personajes que no quieren ceder espacios; el ego, las vanidades, mas las disputas de poder har\u00e1n su trabajo de trepanaci\u00f3n en muchas estructuras pol\u00edticas en este tiempo, sobremanera en los esquemas que tienen [&hellip;]<\/p>\n","protected":false},"author":3,"featured_media":19761,"comment_status":"closed","ping_status":"closed","sticky":false,"template":"","format":"standard","meta":{"_joinchat":[],"footnotes":""},"categories":[58,66],"tags":[],"class_list":{"0":"post-32256","1":"post","2":"type-post","3":"status-publish","4":"format-standard","5":"has-post-thumbnail","7":"category-opinion","8":"category-politica"},"_links":{"self":[{"href":"https:\/\/infovera.com.ar\/web\/wp-json\/wp\/v2\/posts\/32256","targetHints":{"allow":["GET"]}}],"collection":[{"href":"https:\/\/infovera.com.ar\/web\/wp-json\/wp\/v2\/posts"}],"about":[{"href":"https:\/\/infovera.com.ar\/web\/wp-json\/wp\/v2\/types\/post"}],"author":[{"embeddable":true,"href":"https:\/\/infovera.com.ar\/web\/wp-json\/wp\/v2\/users\/3"}],"replies":[{"embeddable":true,"href":"https:\/\/infovera.com.ar\/web\/wp-json\/wp\/v2\/comments?post=32256"}],"version-history":[{"count":0,"href":"https:\/\/infovera.com.ar\/web\/wp-json\/wp\/v2\/posts\/32256\/revisions"}],"wp:featuredmedia":[{"embeddable":true,"href":"https:\/\/infovera.com.ar\/web\/wp-json\/wp\/v2\/media\/19761"}],"wp:attachment":[{"href":"https:\/\/infovera.com.ar\/web\/wp-json\/wp\/v2\/media?parent=32256"}],"wp:term":[{"taxonomy":"category","embeddable":true,"href":"https:\/\/infovera.com.ar\/web\/wp-json\/wp\/v2\/categories?post=32256"},{"taxonomy":"post_tag","embeddable":true,"href":"https:\/\/infovera.com.ar\/web\/wp-json\/wp\/v2\/tags?post=32256"}],"curies":[{"name":"wp","href":"https:\/\/api.w.org\/{rel}","templated":true}]}}