{"id":32253,"date":"2022-03-02T14:21:39","date_gmt":"2022-03-02T17:21:39","guid":{"rendered":"https:\/\/infovera.com.ar\/web\/?p=32253"},"modified":"2022-03-02T14:21:39","modified_gmt":"2022-03-02T17:21:39","slug":"llovio-pero-no-vario-la-situacion-muy-critica-en-el-centro-norte-de-vera-y-general-obligado","status":"publish","type":"post","link":"https:\/\/infovera.com.ar\/web\/2022\/03\/02\/llovio-pero-no-vario-la-situacion-muy-critica-en-el-centro-norte-de-vera-y-general-obligado\/","title":{"rendered":"Llovi\u00f3 pero no vari\u00f3 la situaci\u00f3n muy cr\u00edtica en el centro norte de Vera y General Obligado"},"content":{"rendered":"<p><strong>En la semana comprendida entre el 23 de febrero y el 1\u00b0 de marzo de 2022, los pron\u00f3sticos enunciados en el informe anterior se concretaron.<\/strong><\/p>\n<p>Lluvias, estabilidad clim\u00e1tica, d\u00edas soleados, temperaturas diarias en ascenso, situaci\u00f3n que a mediados del d\u00eda jueves 24 cambi\u00f3, aument\u00f3 la nubosidad, inestabilidad clim\u00e1tica, precipitaciones, vientos, \u00e1reas puntuales con ca\u00edda de granizo de importancia, particularmente en el centro &#8211; sur del departamento La Capital y noreste de San Jer\u00f3nimo.<\/p>\n<p>El panorama se extendi\u00f3 hasta el martes 01 de marzo, luego, estabilidad clim\u00e1tica y buen tiempo hasta el final del per\u00edodo. Las temperaturas fluctuaron desde m\u00ednimas de 12 a 25 \u00baC y m\u00e1ximas de 23 a 37 \u00baC.<\/p>\n<p>Dicha realidad fue muy importante por los efectos que tuvo la lluvia sobre los distintos cultivos, particularmente en soja temprana, soja de segunda, ma\u00edz tard\u00edo y sorgo gran\u00edfero, en un todo de acuerdo con los estados fenol\u00f3gicos que atravesaban cada uno de ellos, ya sea, etapa de floraci\u00f3n o fructificaci\u00f3n, gener\u00e1ndose as\u00ed, nuevas e importantes expectativas por los resultados finales, dice el informe del Sistema de Estimaciones Agr\u00edcolas para el Centro Norte de la Provincia de Santa Fe al 1\u00b0 de marzo de 2022, que difunde la Bolsa de Comercio de Santa Fe.<\/p>\n<p>Los montos pluviom\u00e9tricos acumulados fluctuaron entre m\u00ednimos de 10 a 12 mm con m\u00e1ximos de 85 a 100 y en lugares puntuales, alcanzaron los 120, en general los promedios oscilaron desde 30 a 45 mm.<\/p>\n<p>Continu\u00f3 siendo muy cr\u00edtica la situaci\u00f3n en el \u00e1rea centro \u2013 norte del departamento General Obligado, desde el distrito Avellaneda hacia el norte, en el l\u00edmite con la provincia del Chaco y el departamento Vera, desde el distrito Garabato hacia el norte, donde los registros de lluvias fueron bajos, no superaron los 15 mm, no se modificaron los estados de la cosecha gruesa, cuya reacci\u00f3n fue muy escasa o nula y cierto n\u00famero de parcelas mostraron situaciones irreversibles con p\u00e9rdidas totales.<\/p>\n<p><strong>Girasol<\/strong><\/p>\n<p>El proceso de cosecha del girasol, estuvo restringido por la realidad clim\u00e1tica, las lluvias y las condiciones de los pisos en los \u00faltimos lotes en pie en los departamentos del noroeste, centro y sur del \u00e1rea de estudio.<\/p>\n<p>Hasta la fecha, la recolecci\u00f3n present\u00f3 un grado de avance del 98 %, un progreso intersemanal de 3 puntos y un adelanto de un punto porcentual, en comparaci\u00f3n a la campa\u00f1a pasada.<\/p>\n<p>Los rendimientos promedios m\u00ednimos o m\u00e1ximos logrados se mantuvieron sin variaci\u00f3n hasta la fecha y en los diferentes departamentos fueron:<\/p>\n<blockquote><p><span style=\"font-size: 12pt;\">a) General Obligado, Vera y norte de San Javier, entre 9 \u2013 11 a 13 qq\/ha hasta 28 a 30 qq\/ha con lotes puntuales de 34 qq\/ha,<\/span><\/p><\/blockquote>\n<p>b) Nueve de Julio y San Crist\u00f3bal, entre 8 a 10 qq\/ha hasta 25 a 28 qq\/ha con lotes puntuales de 31 qq\/ha,<\/p>\n<p>c) Las Colonias, San Justo, La Capital y Castellanos, entre 10 a 13 qq\/ha hasta 26 a 30 qq\/ha con lotes puntuales de 33 qq\/ha y<\/p>\n<p>d) San Mart\u00edn y San Jer\u00f3nimo, entre 9 a 11 qq\/ha hasta 26 a 28 qq\/ha con lotes puntuales de 32 qq\/ha.<\/p>\n<p><strong>Ma\u00edz temprano<\/strong><\/p>\n<p>La trilla del ma\u00edz temprano se ralentiz\u00f3 por la inestabilidad clim\u00e1tica que a mediados de la semana se manifest\u00f3 y la condicion\u00f3 en dos aspectos muy importantes, la falta de piso de los lotes y el aumento de la humedad de grano, elev\u00e1ndose a valores del 20 %, 4 a 5 % superior a los que se cosech\u00f3 anteriormente, lo que trajo como consecuencia la disminuci\u00f3n del ritmo de recolecci\u00f3n.<\/p>\n<p>El grado de avance de la trilla hasta la fecha fue del 40 % con un progreso intersemanal de 5 puntos y un adelanto de 20 puntos porcentuales, en comparaci\u00f3n a la campa\u00f1a pasada.<br \/>\nLos rendimientos promedios m\u00ednimos y m\u00e1ximos logrados hasta la fecha, en las diferentes \u00e1reas fueron:<\/p>\n<blockquote><p><span style=\"font-size: 12pt;\">a) Norte: departamentos Nueve de Julio, General Obligado, Vera y norte de San Javier, entre 7 &#8211; 9 a 12 qq\/ha hasta 35 &#8211; 40 a 50 qq\/ha, con lotes puntuales de 60 a 65 qq\/ha,<\/span><\/p><\/blockquote>\n<p>b) Centro: departamentos San Crist\u00f3bal, San Justo, Castellanos, Las Colonias y La Capital, entre 20 &#8211; 25 a 30 qq\/ha hasta 30 &#8211; 35 a 45 qq\/ha, con lotes puntuales de 50 a 65 qq\/ha, y<\/p>\n<p>c) Sur: departamentos San Mart\u00edn y San Jer\u00f3nimo, entre 24 &#8211; 28 a 32 qq\/ha hasta 40 \u2013 45 a 55 qq\/ha, con lotes puntuales de 75 qq\/ha.<\/p>\n<p><a href=\"https:\/\/infovera.com.ar\/web\/wp-content\/uploads\/2021\/06\/coop.jpg\"><img loading=\"lazy\" decoding=\"async\" class=\" wp-image-21624 aligncenter\" src=\"https:\/\/infovera.com.ar\/web\/wp-content\/uploads\/2021\/06\/coop-300x151.jpg\" alt=\"\" width=\"735\" height=\"370\" srcset=\"https:\/\/infovera.com.ar\/web\/wp-content\/uploads\/2021\/06\/coop-300x151.jpg 300w, https:\/\/infovera.com.ar\/web\/wp-content\/uploads\/2021\/06\/coop-1024x517.jpg 1024w, https:\/\/infovera.com.ar\/web\/wp-content\/uploads\/2021\/06\/coop-768x388.jpg 768w, https:\/\/infovera.com.ar\/web\/wp-content\/uploads\/2021\/06\/coop-1536x775.jpg 1536w, https:\/\/infovera.com.ar\/web\/wp-content\/uploads\/2021\/06\/coop-696x351.jpg 696w, https:\/\/infovera.com.ar\/web\/wp-content\/uploads\/2021\/06\/coop-1068x539.jpg 1068w, https:\/\/infovera.com.ar\/web\/wp-content\/uploads\/2021\/06\/coop-832x420.jpg 832w, https:\/\/infovera.com.ar\/web\/wp-content\/uploads\/2021\/06\/coop.jpg 1654w\" sizes=\"auto, (max-width: 735px) 100vw, 735px\" \/><\/a><strong>Algod\u00f3n<\/strong><\/p>\n<p>Sin variaci\u00f3n en el estado de los algodonales, los que continuaron siendo muy variables, a nivel general, debido a las precipitaciones ocurridas en cada zona desde mediados del ciclo hasta la fecha, los m\u00e1s perjudicados fueron los de la parte norte de los departamentos General Obligado y Vera, donde las p\u00e9rdidas se incrementaron con el transcurso de los d\u00edas y alcanzaron situciones irreversibles el 95 al 100 % de ellos.<\/p>\n<p><strong>Soja de Primera<\/strong><\/p>\n<p>La inestabilidad clim\u00e1tica con precipitaciones y temperaturas en descenso, generaron escenarios muy favorables, particularmente por los estados vegetativos en que se encontraba el cultivo de soja temprana, llenado de grano. Por lo cual un 80 % de los cultivares se mostr\u00f3 en estado bueno a muy bueno, con algunos lotes excelentes, como consecuencia de los cambios en las condiciones clim\u00e1ticas, que generaron las lluvias desde mediados de enero hasta fines de febrero.<\/p>\n<p>En el 20 % restante del \u00e1rea implantada, el impacto de la ausencia de precipitaciones y el elevado r\u00e9gimen t\u00e9rmico durante los primeros 16 d\u00edas del a\u00f1o, dejaron indicadores muy marcados, tales como, limitaciones en el crecimiento de las plantas, amarillamiento o marchitamiento de las hojas basales y en lotes puntuales, la p\u00e9rdida de ejemplares por mortandad, realidad irreversible.<\/p>\n<p><a href=\"https:\/\/infovera.com.ar\/web\/wp-content\/uploads\/2021\/06\/coop-1.png\"><img loading=\"lazy\" decoding=\"async\" class=\" wp-image-21629 aligncenter\" src=\"https:\/\/infovera.com.ar\/web\/wp-content\/uploads\/2021\/06\/coop-1-300x87.png\" alt=\"\" width=\"734\" height=\"213\" srcset=\"https:\/\/infovera.com.ar\/web\/wp-content\/uploads\/2021\/06\/coop-1-300x87.png 300w, https:\/\/infovera.com.ar\/web\/wp-content\/uploads\/2021\/06\/coop-1-696x202.png 696w, https:\/\/infovera.com.ar\/web\/wp-content\/uploads\/2021\/06\/coop-1.png 769w\" sizes=\"auto, (max-width: 734px) 100vw, 734px\" \/><\/a><strong>Soja de Segunda<\/strong><\/p>\n<p>En los lotes de la soja tard\u00eda, la ausencia de precipitaciones de importancia y el d\u00e9ficit h\u00eddrico sufrido incidieron sobre los cultivares. Un 60 % de los sojales se encontraron en buen a muy buen estado, con buen desarrollo de las estructuras de las plantas y un importante n\u00famero de ellos, lleg\u00f3 a los cierres parciales o totales de los surcos.<\/p>\n<p>Un 25% reaccion\u00f3 m\u00e1s lentamente, dadas las precipitaciones irregulares o la etapa fenol\u00f3gica en que se encontraban y el 15% restante continu\u00f3 en situaci\u00f3n irreversible, con p\u00e9rdida por mortandad de plantas, especialmente en los sembrad\u00edos con limitaciones ed\u00e1ficas en sus suelos.<\/p>\n<p>Ser\u00eda de suma importancia el monitoreo, seguimiento y evaluaci\u00f3n de la reacci\u00f3n de los cultivares ante las precipitaciones ocurridas en la semana y los futuros pron\u00f3sticos.<\/p>\n<p><strong>Ma\u00edz tard\u00edo<\/strong><\/p>\n<p>Ante la inestabilidad concretada en los distintos departamentos del SEA, el ma\u00edz tard\u00edo o de segunda, en sus diferentes y variables estados vegetativos, deber\u00edan monitorearse fundamentalmente con la finalidad de la evaluaci\u00f3n al impacto que tuvieron las lluvias.<\/p>\n<p>Los maizales continuaron manifestando gran amplitud de estados vegetativos, por lo que se encontraron desde muy buenos o excelentes a malos, incluso en un mismo departamento, situaci\u00f3n que se detect\u00f3 en toda el \u00e1rea de estudio.<\/p>\n<p><strong>Agua \u00fatil<\/strong><\/p>\n<p>En la superficie total del \u00e1rea de estudio del centro norte santafesino, constituida por los departamentos Nueve de Julio, Vera, General Obligado, San Crist\u00f3bal, San Justo, San Javier, Garay, Castellanos, Las Colonias, La Capital, San Mart\u00edn y San Jer\u00f3nimo, la disponibilidad de agua \u00fatil en los primeros 20 cm de los suelos cubri\u00f3 en forma regular las necesarias demandas de los sembrad\u00edos, seg\u00fan los estadios fenol\u00f3gicos de cada uno de ellos. Favorecidos por las precipitaciones ocurridas en la semana que posibilitaron el almacenamiento del agua ca\u00edda.<\/p>\n<p>En el centro \u2013 norte del departamento General Obligado, desde el distrito Avellaneda hacia el norte, en el l\u00edmite con la provincia del Chaco y el departamento Vera, desde el distrito Garabato hacia el norte, fueron \u00e1reas que recibieron precipitaciones de muy bajos montos pluviom\u00e9tricos, por lo que no se concretaron las suficientes recargas de agua, en los distintos perfiles de los suelos.<\/p>\n","protected":false},"excerpt":{"rendered":"<p>En la semana comprendida entre el 23 de febrero y el 1\u00b0 de marzo de 2022, los pron\u00f3sticos enunciados en el informe anterior se concretaron. Lluvias, estabilidad clim\u00e1tica, d\u00edas soleados, temperaturas diarias en ascenso, situaci\u00f3n que a mediados del d\u00eda jueves 24 cambi\u00f3, aument\u00f3 la nubosidad, inestabilidad clim\u00e1tica, precipitaciones, vientos, \u00e1reas puntuales con ca\u00edda de [&hellip;]<\/p>\n","protected":false},"author":3,"featured_media":32254,"comment_status":"closed","ping_status":"closed","sticky":false,"template":"","format":"standard","meta":{"_joinchat":[],"footnotes":""},"categories":[51],"tags":[],"class_list":{"0":"post-32253","1":"post","2":"type-post","3":"status-publish","4":"format-standard","5":"has-post-thumbnail","7":"category-locales"},"_links":{"self":[{"href":"https:\/\/infovera.com.ar\/web\/wp-json\/wp\/v2\/posts\/32253","targetHints":{"allow":["GET"]}}],"collection":[{"href":"https:\/\/infovera.com.ar\/web\/wp-json\/wp\/v2\/posts"}],"about":[{"href":"https:\/\/infovera.com.ar\/web\/wp-json\/wp\/v2\/types\/post"}],"author":[{"embeddable":true,"href":"https:\/\/infovera.com.ar\/web\/wp-json\/wp\/v2\/users\/3"}],"replies":[{"embeddable":true,"href":"https:\/\/infovera.com.ar\/web\/wp-json\/wp\/v2\/comments?post=32253"}],"version-history":[{"count":0,"href":"https:\/\/infovera.com.ar\/web\/wp-json\/wp\/v2\/posts\/32253\/revisions"}],"wp:featuredmedia":[{"embeddable":true,"href":"https:\/\/infovera.com.ar\/web\/wp-json\/wp\/v2\/media\/32254"}],"wp:attachment":[{"href":"https:\/\/infovera.com.ar\/web\/wp-json\/wp\/v2\/media?parent=32253"}],"wp:term":[{"taxonomy":"category","embeddable":true,"href":"https:\/\/infovera.com.ar\/web\/wp-json\/wp\/v2\/categories?post=32253"},{"taxonomy":"post_tag","embeddable":true,"href":"https:\/\/infovera.com.ar\/web\/wp-json\/wp\/v2\/tags?post=32253"}],"curies":[{"name":"wp","href":"https:\/\/api.w.org\/{rel}","templated":true}]}}