{"id":32126,"date":"2022-02-26T21:15:37","date_gmt":"2022-02-27T00:15:37","guid":{"rendered":"https:\/\/infovera.com.ar\/web\/?p=32126"},"modified":"2022-02-27T20:21:59","modified_gmt":"2022-02-27T23:21:59","slug":"todo-listo-para-que-comience-vera-el-carnaval-de-santa-fe","status":"publish","type":"post","link":"https:\/\/infovera.com.ar\/web\/2022\/02\/26\/todo-listo-para-que-comience-vera-el-carnaval-de-santa-fe\/","title":{"rendered":"Todo listo para que comience &#8220;Vera, el Carnaval de Santa Fe&#8221;"},"content":{"rendered":"<p>Esta noche es la apertura de los corsos de Vera.<\/p>\n<p>Est\u00e1\u00a0 todo listo para la gran fiesta.<\/p>\n<p>Un chaparr\u00f3n fugaz cay\u00f3 cerca de las 20.<\/p>\n<p>A las 21 trabajadores municipales estaban pintando la parte norte del cors\u00f3dromo.<\/p>\n<p>Todo indica que el Carnaval se hace aunque rige un alerta meteorol\u00f3gico para esta parte de la provincia.<\/p>\n<p>Desde las 22 las comparsas verenses desfilar\u00e1n por calle San Mart\u00edn.<\/p>\n<p>La mayor\u00eda de los bares tienen mesas agotadas.<\/p>\n<p>Valor de la entrada: 500 pesos.<\/p>\n<p>No se permiten conservadoras.<\/p>\n<p>\ud835\udc18\ud835\udc1a \ud835\udc2c\ud835\udc1e \ud835\udc2c\ud835\udc22\ud835\udc1e\ud835\udc27\ud835\udc2d\ud835\udc1e\ud835\udc27 \ud835\udc25\ud835\udc28\ud835\udc2c \ud835\udc2d\ud835\udc1a\ud835\udc26\ud835\udc1b\ud835\udc28\ud835\udc2b\ud835\udc1e\ud835\udc2c \ud835\udc1d\ud835\udc1e\ud835\udc25 \ud835\udc02\ud835\udc1a\ud835\udc2b\ud835\udc27\ud835\udc1a\ud835\udc2f\ud835\udc1a\ud835\udc25 \ud835\udc1d\ud835\udc1e \ud835\udc15\ud835\udc1e\ud835\udc2b\ud835\udc1a<\/p>\n<p>\ud83d\udce3 El ministro de Cultura de la Provincia de Santa Fe, @jorgellonch, en la jornada preparatoria del tradicional Carnaval, sostuvo que \u201cesta gesti\u00f3n recorre cada rinc\u00f3n de la provincia, como lo expres\u00f3 desde un comienzo el gobernador @omarperotti.<\/p>\n<p>\ud83e\uddec \ud83c\udf8a Asimismo, el titular de Cultura indic\u00f3: \u201cEl norte santafesino ya est\u00e1 contando las horas para comenzar a bailar en las calles verenses, que se visten de gala para recibir a todos y todas desde este s\u00e1bado. Se ve alegr\u00eda en las calles, y eso es muy emocionante\u201d.<\/p>\n<p>\ud83c\udf89 En la primera noche el orden de actuaci\u00f3n ser\u00e1 \u00e9ste \ud83d\udc47\ud83c\udffe<br \/>\n1 &#8211; Aerosamba.<br \/>\n2 &#8211; Ferrumb\u00e1.<br \/>\n3 &#8211; Verasamba.<br \/>\n4 &#8211; Unidos del Samba.<br \/>\n5 &#8211; Bambita.<br \/>\n6 &#8211; Paraver\u00e1.<\/p>\n<p>En la segunda noche \ud83d\udc47\ud83c\udffe<br \/>\n1 &#8211; Paraver\u00e1.<br \/>\n2 &#8211; Aerosamba.<br \/>\n3 &#8211; Ferrumb\u00e1.<br \/>\n4 &#8211; Verasamba.<br \/>\n5 &#8211; Unidos del Samba.<br \/>\n6 &#8211; Bambita.<\/p>\n","protected":false},"excerpt":{"rendered":"<p>Esta noche es la apertura de los corsos de Vera. Est\u00e1\u00a0 todo listo para la gran fiesta. Un chaparr\u00f3n fugaz cay\u00f3 cerca de las 20. A las 21 trabajadores municipales estaban pintando la parte norte del cors\u00f3dromo. Todo indica que el Carnaval se hace aunque rige un alerta meteorol\u00f3gico para esta parte de la provincia. [&hellip;]<\/p>\n","protected":false},"author":3,"featured_media":32127,"comment_status":"closed","ping_status":"closed","sticky":false,"template":"","format":"standard","meta":{"_joinchat":[],"footnotes":""},"categories":[53],"tags":[],"class_list":{"0":"post-32126","1":"post","2":"type-post","3":"status-publish","4":"format-standard","5":"has-post-thumbnail","7":"category-vera"},"_links":{"self":[{"href":"https:\/\/infovera.com.ar\/web\/wp-json\/wp\/v2\/posts\/32126","targetHints":{"allow":["GET"]}}],"collection":[{"href":"https:\/\/infovera.com.ar\/web\/wp-json\/wp\/v2\/posts"}],"about":[{"href":"https:\/\/infovera.com.ar\/web\/wp-json\/wp\/v2\/types\/post"}],"author":[{"embeddable":true,"href":"https:\/\/infovera.com.ar\/web\/wp-json\/wp\/v2\/users\/3"}],"replies":[{"embeddable":true,"href":"https:\/\/infovera.com.ar\/web\/wp-json\/wp\/v2\/comments?post=32126"}],"version-history":[{"count":0,"href":"https:\/\/infovera.com.ar\/web\/wp-json\/wp\/v2\/posts\/32126\/revisions"}],"wp:featuredmedia":[{"embeddable":true,"href":"https:\/\/infovera.com.ar\/web\/wp-json\/wp\/v2\/media\/32127"}],"wp:attachment":[{"href":"https:\/\/infovera.com.ar\/web\/wp-json\/wp\/v2\/media?parent=32126"}],"wp:term":[{"taxonomy":"category","embeddable":true,"href":"https:\/\/infovera.com.ar\/web\/wp-json\/wp\/v2\/categories?post=32126"},{"taxonomy":"post_tag","embeddable":true,"href":"https:\/\/infovera.com.ar\/web\/wp-json\/wp\/v2\/tags?post=32126"}],"curies":[{"name":"wp","href":"https:\/\/api.w.org\/{rel}","templated":true}]}}