{"id":32117,"date":"2022-02-26T14:48:27","date_gmt":"2022-02-26T17:48:27","guid":{"rendered":"https:\/\/infovera.com.ar\/web\/?p=32117"},"modified":"2022-02-27T13:06:16","modified_gmt":"2022-02-27T16:06:16","slug":"inseguridad-en-vera-dos-encapuchados-golpearon-y-casi-apunalan-a-un-joven-para-robarle","status":"publish","type":"post","link":"https:\/\/infovera.com.ar\/web\/2022\/02\/26\/inseguridad-en-vera-dos-encapuchados-golpearon-y-casi-apunalan-a-un-joven-para-robarle\/","title":{"rendered":"Inseguridad en Vera: dos encapuchados golpearon y casi apu\u00f1alan a un joven para robarle"},"content":{"rendered":"<p><strong>El hecho ocurri\u00f3 en la madrugada de este s\u00e1bado.<\/strong><\/p>\n<p>Alrededor de la 1:30, dos tipos que cubr\u00edan sus cabezas con capuchas interceptaron a Franco Paniagua, de 19 a\u00f1os, en calle Belgrano, en la zona norte de Vera.<\/p>\n<p>A bordo de una moto de 110 cc, los malvivientes abordaron al joven que circulaba de pie y a punta de cuchillo lo asaltaron para luego darse a la fuga.<\/p>\n<p><strong>InfoVera<\/strong> dialog\u00f3 con \u00e9l. Dijo que &#8220;iba a la casa de unos amigos&#8221; cuando &#8220;pasaron dos en moto&#8221; que luego &#8220;volvieron a pasar y pararon&#8221;.<\/p>\n<p>Relat\u00f3 que uno de ellos baj\u00f3 de la moto y blandiendo una cuchilla, lo increp\u00f3: &#8220;Dame todo&#8221;. Pero solo llevaba en sus manos un paquete de yerba, que entreg\u00f3 sin ofrecer resistencia; el celular lo ten\u00eda en uno de los bolsillos del pantal\u00f3n.<\/p>\n<p>En ese instante, aparecieron cuatro j\u00f3venes que ven\u00edan caminando por la vereda y eso intimid\u00f3 a los ladrones que emprendieron la hu\u00edda en el ciclomotor, no sin antes golpear a patadas en las piernas y en los brazos a su ocasional v\u00edctima.<\/p>\n<p>Tambi\u00e9n arrib\u00f3 a la escena del hecho un hermano de Franco, y juntos se dieron a la tarea de perseguirlos a ver si lograban dar con los cacos, pero raudos se perdieron por una cortada del barrio y desaparecieron si dejar rastros.<\/p>\n<p>Franco Paniagua realiz\u00f3 la denuncia en sede policial y hoy la polic\u00eda estuvo trabajando en la posibilidad de rescatar im\u00e1genes de una c\u00e1mara de seguridad privada existente en ese punto de la ciudad para encaminar la investigaci\u00f3n. Como consecuencia de los golpes tiene inmovilizado uno de sus brazos, adem\u00e1s de contusiones en las piernas.<\/p>\n<p>&#8220;Pudieron haberme apu\u00f1alado, me golpearon y me agarraron a patadas. Gracias a Dios estoy bien, la denuncia est\u00e1 hecha, espero que puedan encontrarlos a estas lacras&#8221;, poste\u00f3 Franco, visiblemente molesto por el episodio de inseguridad que lo toc\u00f3 vivir.<\/p>\n","protected":false},"excerpt":{"rendered":"<p>El hecho ocurri\u00f3 en la madrugada de este s\u00e1bado. Alrededor de la 1:30, dos tipos que cubr\u00edan sus cabezas con capuchas interceptaron a Franco Paniagua, de 19 a\u00f1os, en calle Belgrano, en la zona norte de Vera. A bordo de una moto de 110 cc, los malvivientes abordaron al joven que circulaba de pie y [&hellip;]<\/p>\n","protected":false},"author":3,"featured_media":32118,"comment_status":"closed","ping_status":"closed","sticky":false,"template":"","format":"standard","meta":{"_joinchat":[],"footnotes":""},"categories":[30,53],"tags":[],"class_list":{"0":"post-32117","1":"post","2":"type-post","3":"status-publish","4":"format-standard","5":"has-post-thumbnail","7":"category-policiales","8":"category-vera"},"_links":{"self":[{"href":"https:\/\/infovera.com.ar\/web\/wp-json\/wp\/v2\/posts\/32117","targetHints":{"allow":["GET"]}}],"collection":[{"href":"https:\/\/infovera.com.ar\/web\/wp-json\/wp\/v2\/posts"}],"about":[{"href":"https:\/\/infovera.com.ar\/web\/wp-json\/wp\/v2\/types\/post"}],"author":[{"embeddable":true,"href":"https:\/\/infovera.com.ar\/web\/wp-json\/wp\/v2\/users\/3"}],"replies":[{"embeddable":true,"href":"https:\/\/infovera.com.ar\/web\/wp-json\/wp\/v2\/comments?post=32117"}],"version-history":[{"count":0,"href":"https:\/\/infovera.com.ar\/web\/wp-json\/wp\/v2\/posts\/32117\/revisions"}],"wp:featuredmedia":[{"embeddable":true,"href":"https:\/\/infovera.com.ar\/web\/wp-json\/wp\/v2\/media\/32118"}],"wp:attachment":[{"href":"https:\/\/infovera.com.ar\/web\/wp-json\/wp\/v2\/media?parent=32117"}],"wp:term":[{"taxonomy":"category","embeddable":true,"href":"https:\/\/infovera.com.ar\/web\/wp-json\/wp\/v2\/categories?post=32117"},{"taxonomy":"post_tag","embeddable":true,"href":"https:\/\/infovera.com.ar\/web\/wp-json\/wp\/v2\/tags?post=32117"}],"curies":[{"name":"wp","href":"https:\/\/api.w.org\/{rel}","templated":true}]}}