{"id":32087,"date":"2022-02-25T12:54:10","date_gmt":"2022-02-25T15:54:10","guid":{"rendered":"https:\/\/infovera.com.ar\/web\/?p=32087"},"modified":"2022-02-26T14:57:17","modified_gmt":"2022-02-26T17:57:17","slug":"el-campeon-nacional-de-atletismo-gian-lucas-mena-se-prepara-para-tres-competencias","status":"publish","type":"post","link":"https:\/\/infovera.com.ar\/web\/2022\/02\/25\/el-campeon-nacional-de-atletismo-gian-lucas-mena-se-prepara-para-tres-competencias\/","title":{"rendered":"El campe\u00f3n nacional de atletismo Gian Lucas Mena se prepara para tres competencias"},"content":{"rendered":"<p><strong>El joven atleta de Calchaqu\u00ed intensifica su preparaci\u00f3n para competir en Las Toscas, Margarita y Santa Fe.<\/strong><\/p>\n<p>Gian Lucas es campe\u00f3n nacional de atletismo, tiene 9 a\u00f1os y entrena a diario en los caminos vecinales de Calchaqu\u00ed.<\/p>\n<p>&#8220;Hoy quiere que todo el departamento Vera conozca de todo el efuerzo que hace d\u00eda a d\u00eda para salir adelante y cumplir su sue\u00f1o&#8221;, cont\u00f3 su madre a <strong>InfoVera, que agreg\u00f3 que padece una discapacidad pero que ello no le impide poner lo mejor de s\u00ed para correr y superarse. <\/strong>&#8220;Es de nuestra ciudad de Calchaqu\u00ed, es un orgullo para todos&#8221;, resalt\u00f3.<\/p>\n<p>El cronograma que le espera a Gian Lucas es intenso: el 5 de marzo estar\u00e1 corriendo los 6 kil\u00f3metros en Las Toscas; luego, el 12 de marzo se presentar\u00e1 en Margarita en un prueba de 10 kil\u00f3metros; y el 2 de abril tendr\u00e1 el desaf\u00edo m\u00e1s duro cuando corra en Santa Fe capital 21 kil\u00f3metros.<\/p>\n<p><iframe loading=\"lazy\" title=\"El campe\u00f3n nacional de atletismo Gian Lucas Mena se prepara para tres competencias\" width=\"696\" height=\"392\" src=\"https:\/\/www.youtube.com\/embed\/8hXs5ajL1qY?feature=oembed\" frameborder=\"0\" allow=\"accelerometer; autoplay; clipboard-write; encrypted-media; gyroscope; picture-in-picture; web-share\" referrerpolicy=\"strict-origin-when-cross-origin\" allowfullscreen><\/iframe><\/p>\n","protected":false},"excerpt":{"rendered":"<p>El joven atleta de Calchaqu\u00ed intensifica su preparaci\u00f3n para competir en Las Toscas, Margarita y Santa Fe. Gian Lucas es campe\u00f3n nacional de atletismo, tiene 9 a\u00f1os y entrena a diario en los caminos vecinales de Calchaqu\u00ed. &#8220;Hoy quiere que todo el departamento Vera conozca de todo el efuerzo que hace d\u00eda a d\u00eda para [&hellip;]<\/p>\n","protected":false},"author":3,"featured_media":32088,"comment_status":"closed","ping_status":"closed","sticky":false,"template":"","format":"standard","meta":{"_joinchat":[],"footnotes":""},"categories":[52,31],"tags":[],"class_list":{"0":"post-32087","1":"post","2":"type-post","3":"status-publish","4":"format-standard","5":"has-post-thumbnail","7":"category-calchaqui","8":"category-deportes"},"_links":{"self":[{"href":"https:\/\/infovera.com.ar\/web\/wp-json\/wp\/v2\/posts\/32087","targetHints":{"allow":["GET"]}}],"collection":[{"href":"https:\/\/infovera.com.ar\/web\/wp-json\/wp\/v2\/posts"}],"about":[{"href":"https:\/\/infovera.com.ar\/web\/wp-json\/wp\/v2\/types\/post"}],"author":[{"embeddable":true,"href":"https:\/\/infovera.com.ar\/web\/wp-json\/wp\/v2\/users\/3"}],"replies":[{"embeddable":true,"href":"https:\/\/infovera.com.ar\/web\/wp-json\/wp\/v2\/comments?post=32087"}],"version-history":[{"count":0,"href":"https:\/\/infovera.com.ar\/web\/wp-json\/wp\/v2\/posts\/32087\/revisions"}],"wp:featuredmedia":[{"embeddable":true,"href":"https:\/\/infovera.com.ar\/web\/wp-json\/wp\/v2\/media\/32088"}],"wp:attachment":[{"href":"https:\/\/infovera.com.ar\/web\/wp-json\/wp\/v2\/media?parent=32087"}],"wp:term":[{"taxonomy":"category","embeddable":true,"href":"https:\/\/infovera.com.ar\/web\/wp-json\/wp\/v2\/categories?post=32087"},{"taxonomy":"post_tag","embeddable":true,"href":"https:\/\/infovera.com.ar\/web\/wp-json\/wp\/v2\/tags?post=32087"}],"curies":[{"name":"wp","href":"https:\/\/api.w.org\/{rel}","templated":true}]}}