{"id":32050,"date":"2022-02-24T19:18:55","date_gmt":"2022-02-24T22:18:55","guid":{"rendered":"https:\/\/infovera.com.ar\/web\/?p=32050"},"modified":"2022-02-24T19:18:55","modified_gmt":"2022-02-24T22:18:55","slug":"martorano-ya-fueron-turnadas-para-la-tercera-dosis-todas-las-personas-en-rosario-santa-fe-venado-tuerto-reconquista-y-rafaela","status":"publish","type":"post","link":"https:\/\/infovera.com.ar\/web\/2022\/02\/24\/martorano-ya-fueron-turnadas-para-la-tercera-dosis-todas-las-personas-en-rosario-santa-fe-venado-tuerto-reconquista-y-rafaela\/","title":{"rendered":"Martorano: \u201cYa fueron turnadas para la tercera dosis todas las personas en Rosario, Santa Fe, Venado Tuerto, Reconquista y Rafaela\u201d"},"content":{"rendered":"<p><strong>As\u00ed lo anunci\u00f3 la ministra de Salud quien se refiri\u00f3 a la cuarta dosis y a la mudanza del vacunatorio en la ex Rural en Rosario.<\/strong><\/p>\n<p>La ministra de Salud, Sonia Martorano, realiz\u00f3 una conferencia de prensa en la cual analiz\u00f3 el ritmo de la vacunaci\u00f3n en la provincia. \u201cEstamos muy avanzados en la colocaci\u00f3n de 3ras dosis: el 42% de nuestra poblaci\u00f3n ya se encuentra cubierta\u201d, confirm\u00f3.<\/p>\n<p>\u201cSe turn\u00f3 a toda la poblaci\u00f3n para la dosis de refuerzo en casi 100 localidades, incluyendo las 5 ciudades grandes: Santa Fe, Rosario, Reconquista, Rafaela y Venado Tuerto\u201d, reafirm\u00f3 Martorano.<\/p>\n<p>En su an\u00e1lisis tambi\u00e9n agreg\u00f3: \u201cA esto hay que sumarle las 500 mil personas que recibieron su turno y no acudieron a la colocaci\u00f3n de la tercera dosis. Tenemos en cuenta que hay personas que tuvieron Covid o que est\u00e1n transitando la enfermedad, o en el per\u00edodo post Covid\u201d.<\/p>\n<p>En este contexto la ministra record\u00f3 que la poblaci\u00f3n debe estar atenta ya que \u201cmayores de 18 a\u00f1os, que tengan las dosdosis y hayan transcurrido los cuatro meses de su colocaci\u00f3n, pueden asistir para inocularse con la tercera dosis (de manera libre).<\/p>\n<p>Vale destacar que desde el ministerio se contin\u00faa turnando a la poblaci\u00f3n.<\/p>\n<p><strong>86% CON ESQUEMA COMPLETO<\/strong><\/p>\n<p>\u201cVenimos muy bien\u201d, reiter\u00f3 la ministra de Salud y agreg\u00f3 que tenemos un \u201c86% de la poblaci\u00f3n con esquema completo, 42% con tercera dosis, estamos muy preparados para el comienzo de clases ya que el 96% de docentes cuenta con esquema completo, 82% con tercera dosis. Ni\u00f1os y ni\u00f1as de 3 a 11 a\u00f1os cuenta con llegamos al 72% con esquema completo y el 85% en ni\u00f1os, ni\u00f1as y adolescentes de 12 a\u00f1os a 17 a\u00f1os. Son n\u00fameros muy altos en la provincia\u201d.<\/p>\n<p><iframe loading=\"lazy\" title=\"\u201cYa fueron turnadas todas las personas en Rosario, Santa Fe, Venado Tuerto, Reconquista y Rafaela\u201d\" width=\"696\" height=\"392\" src=\"https:\/\/www.youtube.com\/embed\/twr2CObsYVk?feature=oembed\" frameborder=\"0\" allow=\"accelerometer; autoplay; clipboard-write; encrypted-media; gyroscope; picture-in-picture; web-share\" referrerpolicy=\"strict-origin-when-cross-origin\" allowfullscreen><\/iframe><\/p>\n<p><strong>ROSARIO: MUDANZA DE LA EX RURAL<\/strong><\/p>\n<p>La funcionaria reflexion\u00f3 y argument\u00f3: \u201csaben que nos estamos mudando por lo que los d\u00edas s\u00e1bado, lunes y martes se realizar\u00e1 una vacunaci\u00f3n de guardia para ni\u00f1os y ni\u00f1as y terceras dosis en Paraguay al 1100, sede de Luz y Fuerza\u201d.<\/p>\n<p>Desde el 2 de marzo comenzar\u00e1 la vacunaci\u00f3n en el primer nivel de El Portal, en el ala C, de los estacionamientos van a estar ubicados los vacu- m\u00f3viles. \u201cSe ingresa por la calle V\u00edctor Mercante subimos al ala C y all\u00ed podr\u00e1n inocularse dentro del veh\u00edculo\u201d, detall\u00f3 Martorano.<\/p>\n<p>La funcionaria destac\u00f3 que se cuenta con un \u201cespacio amplio, luminoso, emp\u00e1tico, para continuar con el proceso de vacunaci\u00f3n. La capacidad operativa es mayor a la actual en La Rural\u201d, expres\u00f3 la ministra.<\/p>\n<p><strong>CUARTA DOSIS ADICIONAL<\/strong><\/p>\n<p>Sonia Martorano tambi\u00e9n realiz\u00f3 otro anuncio y es que \u201cla semana pr\u00f3xima, comenzaremos con dosis de refuerzo en los grupos priorizados con esta cuarta dosis, pero que es considerada de refuerzo para personas de m\u00e1s de 50 a\u00f1os que fueron inoculadas con Sinopharm, que ya recibieron su tercera dosis, e inmunocomprometidos que recibieron esta tercera dosis, pero que se consideraba como \u201cesquema primario de vacunaci\u00f3n\u201d con la dosis adicional. La semana que viene recibir\u00e1 el refuerzo que es la cuarta dosis de refuerzo\u201d.<\/p>\n<p>Para finalizar, la ministra destac\u00f3 nuevamente las cifras en la provincia en comparaci\u00f3n con el pa\u00eds, ya que estamos \u201cliderando la cifra en ni\u00f1os y ni\u00f1as, con aumento en terceras dosis y con esta posibilidad de chequear su turno o acercarse de manera libre para inocularse\u201d.<\/p>\n","protected":false},"excerpt":{"rendered":"<p>As\u00ed lo anunci\u00f3 la ministra de Salud quien se refiri\u00f3 a la cuarta dosis y a la mudanza del vacunatorio en la ex Rural en Rosario. La ministra de Salud, Sonia Martorano, realiz\u00f3 una conferencia de prensa en la cual analiz\u00f3 el ritmo de la vacunaci\u00f3n en la provincia. \u201cEstamos muy avanzados en la colocaci\u00f3n [&hellip;]<\/p>\n","protected":false},"author":3,"featured_media":32051,"comment_status":"closed","ping_status":"closed","sticky":false,"template":"","format":"standard","meta":{"_joinchat":[],"footnotes":""},"categories":[60],"tags":[],"class_list":{"0":"post-32050","1":"post","2":"type-post","3":"status-publish","4":"format-standard","5":"has-post-thumbnail","7":"category-provinciales"},"_links":{"self":[{"href":"https:\/\/infovera.com.ar\/web\/wp-json\/wp\/v2\/posts\/32050","targetHints":{"allow":["GET"]}}],"collection":[{"href":"https:\/\/infovera.com.ar\/web\/wp-json\/wp\/v2\/posts"}],"about":[{"href":"https:\/\/infovera.com.ar\/web\/wp-json\/wp\/v2\/types\/post"}],"author":[{"embeddable":true,"href":"https:\/\/infovera.com.ar\/web\/wp-json\/wp\/v2\/users\/3"}],"replies":[{"embeddable":true,"href":"https:\/\/infovera.com.ar\/web\/wp-json\/wp\/v2\/comments?post=32050"}],"version-history":[{"count":0,"href":"https:\/\/infovera.com.ar\/web\/wp-json\/wp\/v2\/posts\/32050\/revisions"}],"wp:featuredmedia":[{"embeddable":true,"href":"https:\/\/infovera.com.ar\/web\/wp-json\/wp\/v2\/media\/32051"}],"wp:attachment":[{"href":"https:\/\/infovera.com.ar\/web\/wp-json\/wp\/v2\/media?parent=32050"}],"wp:term":[{"taxonomy":"category","embeddable":true,"href":"https:\/\/infovera.com.ar\/web\/wp-json\/wp\/v2\/categories?post=32050"},{"taxonomy":"post_tag","embeddable":true,"href":"https:\/\/infovera.com.ar\/web\/wp-json\/wp\/v2\/tags?post=32050"}],"curies":[{"name":"wp","href":"https:\/\/api.w.org\/{rel}","templated":true}]}}