{"id":32041,"date":"2022-02-24T17:30:03","date_gmt":"2022-02-24T20:30:03","guid":{"rendered":"https:\/\/infovera.com.ar\/web\/?p=32041"},"modified":"2022-02-25T12:56:26","modified_gmt":"2022-02-25T15:56:26","slug":"el-clima-genera-incertidumbre-sobre-la-realizacion-de-los-corsos-de-vera","status":"publish","type":"post","link":"https:\/\/infovera.com.ar\/web\/2022\/02\/24\/el-clima-genera-incertidumbre-sobre-la-realizacion-de-los-corsos-de-vera\/","title":{"rendered":"El clima genera incertidumbre sobre la realizaci\u00f3n de los corsos de Vera"},"content":{"rendered":"<p><strong>Desde este jueves, el SMN pronostica lluvias hasta el lunes inclusive.<\/strong><\/p>\n<p>Las perspectivas clim\u00e1ticas para los pr\u00f3ximos d\u00edas no son alentadoras. De acuerdo al Servicio Meteorol\u00f3gico Nacional se producir\u00e1n chaparrones y tormentas aisladas durante jueves, viernes, s\u00e1bado, domingo y lunes en Vera y la regi\u00f3n.<\/p>\n<p>Desde hace unos d\u00edas comenz\u00f3 el armado del cors\u00f3dromo callejero de calle San Mart\u00edn, el m\u00e1s importante y legendario del norte santafesino.<\/p>\n<p><a href=\"https:\/\/infovera.com.ar\/web\/wp-content\/uploads\/2022\/02\/clima.png\"><img loading=\"lazy\" decoding=\"async\" class=\" wp-image-32043 aligncenter\" src=\"https:\/\/infovera.com.ar\/web\/wp-content\/uploads\/2022\/02\/clima-300x101.png\" alt=\"\" width=\"650\" height=\"219\" srcset=\"https:\/\/infovera.com.ar\/web\/wp-content\/uploads\/2022\/02\/clima-300x101.png 300w, https:\/\/infovera.com.ar\/web\/wp-content\/uploads\/2022\/02\/clima-768x258.png 768w, https:\/\/infovera.com.ar\/web\/wp-content\/uploads\/2022\/02\/clima-696x234.png 696w, https:\/\/infovera.com.ar\/web\/wp-content\/uploads\/2022\/02\/clima.png 991w\" sizes=\"auto, (max-width: 650px) 100vw, 650px\" \/><\/a>Hoy, la lluvia oblig\u00f3 a resguardar los equipos montados a lo largo del recorrido que este a\u00f1o ser\u00e1 m\u00e1s largo debido a la vigencia de los protocolos por Covid que establecen distanciamiento social.<\/p>\n<p>Espec\u00edficamente, para el pron\u00f3stico para el s\u00e1bado da cuenta de chaparrones y tormentas aisladas, y el panorama es id\u00e9ntico para el domingo, las dos noches previstas para el evento cultural \u00edcono de la ciudad.<\/p>\n<p>Lo que alienta las esperanzas de que la lluvia no comprometa el desfile de comparsas es que los porcentajes de probabilidad de inclemencias clim\u00e1ticas para ambos d\u00edas es relativamente bajo: va del 10 al 40 por ciento.<\/p>\n<p>Solo queda esperar el fin de semana y cruzar los dedos para que no llueva&#8230;<\/p>\n<p><a href=\"https:\/\/infovera.com.ar\/web\/wp-content\/uploads\/2022\/02\/clima-1.png\"><img loading=\"lazy\" decoding=\"async\" class=\" wp-image-32044 aligncenter\" src=\"https:\/\/infovera.com.ar\/web\/wp-content\/uploads\/2022\/02\/clima-1-300x94.png\" alt=\"\" width=\"734\" height=\"230\" srcset=\"https:\/\/infovera.com.ar\/web\/wp-content\/uploads\/2022\/02\/clima-1-300x94.png 300w, https:\/\/infovera.com.ar\/web\/wp-content\/uploads\/2022\/02\/clima-1-768x241.png 768w, https:\/\/infovera.com.ar\/web\/wp-content\/uploads\/2022\/02\/clima-1-696x218.png 696w, https:\/\/infovera.com.ar\/web\/wp-content\/uploads\/2022\/02\/clima-1.png 967w\" sizes=\"auto, (max-width: 734px) 100vw, 734px\" \/><\/a><\/p>\n","protected":false},"excerpt":{"rendered":"<p>Desde este jueves, el SMN pronostica lluvias hasta el lunes inclusive. Las perspectivas clim\u00e1ticas para los pr\u00f3ximos d\u00edas no son alentadoras. De acuerdo al Servicio Meteorol\u00f3gico Nacional se producir\u00e1n chaparrones y tormentas aisladas durante jueves, viernes, s\u00e1bado, domingo y lunes en Vera y la regi\u00f3n. Desde hace unos d\u00edas comenz\u00f3 el armado del cors\u00f3dromo callejero [&hellip;]<\/p>\n","protected":false},"author":3,"featured_media":32042,"comment_status":"closed","ping_status":"closed","sticky":false,"template":"","format":"standard","meta":{"_joinchat":[],"footnotes":""},"categories":[53],"tags":[],"class_list":{"0":"post-32041","1":"post","2":"type-post","3":"status-publish","4":"format-standard","5":"has-post-thumbnail","7":"category-vera"},"_links":{"self":[{"href":"https:\/\/infovera.com.ar\/web\/wp-json\/wp\/v2\/posts\/32041","targetHints":{"allow":["GET"]}}],"collection":[{"href":"https:\/\/infovera.com.ar\/web\/wp-json\/wp\/v2\/posts"}],"about":[{"href":"https:\/\/infovera.com.ar\/web\/wp-json\/wp\/v2\/types\/post"}],"author":[{"embeddable":true,"href":"https:\/\/infovera.com.ar\/web\/wp-json\/wp\/v2\/users\/3"}],"replies":[{"embeddable":true,"href":"https:\/\/infovera.com.ar\/web\/wp-json\/wp\/v2\/comments?post=32041"}],"version-history":[{"count":0,"href":"https:\/\/infovera.com.ar\/web\/wp-json\/wp\/v2\/posts\/32041\/revisions"}],"wp:featuredmedia":[{"embeddable":true,"href":"https:\/\/infovera.com.ar\/web\/wp-json\/wp\/v2\/media\/32042"}],"wp:attachment":[{"href":"https:\/\/infovera.com.ar\/web\/wp-json\/wp\/v2\/media?parent=32041"}],"wp:term":[{"taxonomy":"category","embeddable":true,"href":"https:\/\/infovera.com.ar\/web\/wp-json\/wp\/v2\/categories?post=32041"},{"taxonomy":"post_tag","embeddable":true,"href":"https:\/\/infovera.com.ar\/web\/wp-json\/wp\/v2\/tags?post=32041"}],"curies":[{"name":"wp","href":"https:\/\/api.w.org\/{rel}","templated":true}]}}