{"id":31976,"date":"2022-02-22T19:42:59","date_gmt":"2022-02-22T22:42:59","guid":{"rendered":"https:\/\/infovera.com.ar\/web\/?p=31976"},"modified":"2022-02-22T19:42:59","modified_gmt":"2022-02-22T22:42:59","slug":"paritaria-docente-santa-fe-ofrecio-un-aumento-del-417-en-cuatro-tramos","status":"publish","type":"post","link":"https:\/\/infovera.com.ar\/web\/2022\/02\/22\/paritaria-docente-santa-fe-ofrecio-un-aumento-del-417-en-cuatro-tramos\/","title":{"rendered":"Paritaria docente: Santa Fe ofreci\u00f3 un aumento del 41,7% en cuatro tramos"},"content":{"rendered":"<p>Cuando restan tres d\u00edas h\u00e1biles para el inicio del ciclo lectivo 2022 y con un fin de semana extra large de por medio, lleg\u00f3 la primera oferta salarial de Santa Fe a los docentes. El gobierno provincial ofreci\u00f3 a los gremios un incremento del 41,7%, dividido en cuatro tramos hasta septiembre, con un primer pago del 17,5% m\u00e1s tres cuotas de 8,08% repartidas entre junio, agosto y setiembre, m\u00e1s revisi\u00f3n en ese \u00faltimo mes.<\/p>\n<p>&nbsp;<\/p>\n<p>&nbsp;<\/p>\n<p>&nbsp;<\/p>\n<p>La propuesta llega luego de conocerse este lunes la referencia nacional, que era esperada por la administraci\u00f3n santafesina para llevar sus n\u00fameros la mesa paritaria. En principio, la oferta provincial es menor a ese piso federal del 45%, tambi\u00e9n dividido en cuatro tramos. Sin embargo, es mejor a la especulaci\u00f3n inicial, deslizada por el propio gobierno, de un aumento del 40 por ciento y con un primer aumento que impacte en abril.<\/p>\n<p>&nbsp;<\/p>\n<p>&nbsp;<\/p>\n<p>&nbsp;<\/p>\n<p>En tanto, si bien a nivel nacional el salario m\u00ednimo docente llegar\u00e1 a 50 mil pesos con el cobro del primer escal\u00f3n en marzo, en Santa Fe ese ingreso se encuentra actualmente en el orden de los 62 mil pesos. Adem\u00e1s, una parte del salario docente se paga con fondos nacionales provenientes del Fonid que tambi\u00e9n ser\u00e1 actualizado escalonadamente hasta alcanzar $ 5.141 que, sumando al bono de Conectividad, ascender\u00e1 a $ 7.391.<\/p>\n<p>&nbsp;<\/p>\n<p>&nbsp;<\/p>\n<p>&nbsp;<\/p>\n<p>Otro punto a destacar en la conformaci\u00f3n del primer tramo del aumento es que el 21,21% estipulado a nivel nacional incluye un 5% &#8220;en concepto de recomposici\u00f3n del acuerdo paritario correspondiente a 2021&#8221; y solo un 16,21% &#8220;al acuerdo salarial paritario del a\u00f1o 2022&#8221;. Ese valor previsto para ajustar la pauta salarial a la inflaci\u00f3n del a\u00f1o pasado fue subsanado en Santa Fe a fines de 2021, cuando se reabri\u00f3 la discusi\u00f3n paritaria y que deriv\u00f3 en cuatro d\u00edas de paro de los docentes p\u00fablicos.<\/p>\n<p>&nbsp;<\/p>\n<p>&nbsp;<\/p>\n<p>&nbsp;<\/p>\n<p>Con poco tiempo<\/p>\n<p>&nbsp;<\/p>\n<p>&nbsp;<\/p>\n<p>La segunda instancia de la paritaria docente provincial estuvo encabezada por el ministro de Trabajo, Juan Manuel Pusineri, acompa\u00f1ado de forma remota por la titular de Educaci\u00f3n, Adriana Cantero, y cont\u00f3 con la asistencia virtual de los representantes gremiales de Amsafe, UDA, Sadop y Amet.<\/p>\n<p>&nbsp;<\/p>\n<p>&nbsp;<\/p>\n<p>&nbsp;<\/p>\n<p>&nbsp;<\/p>\n<p>&nbsp;<\/p>\n<p>&nbsp;<\/p>\n<p>Este mismo martes, al t\u00e9rmino de la reuni\u00f3n, los delegados gremiales santafesinos se encontraban analizando la propuesta, considerando los pocos d\u00edas que restan para el inicio de las clases el pr\u00f3ximo 2 de marzo.<\/p>\n<p>&nbsp;<\/p>\n<p>&nbsp;<\/p>\n<p>&nbsp;<\/p>\n<p>&#8220;El gobierno puede dar m\u00e1s. La provincia cuenta con ox\u00edgeno econ\u00f3mico suficiente para ofrecerles un sueldo mejor a los trabajadores de la educaci\u00f3n&#8221;, opin\u00f3 tras el encuentro Sergio Romero, secretario general de UDA.<\/p>\n<p>&nbsp;<\/p>\n<p>&nbsp;<\/p>\n<p>&nbsp;<\/p>\n<p>En tanto, desde Amsafe dijeron que esperaban que la propuesta sea &#8220;sustancialmente mejor&#8221; y anticiparon una votaci\u00f3n desfavorable. Adem\u00e1s, informaron que este mismo mi\u00e9rcoles por la ma\u00f1ana se reunir\u00e1n las comisiones departamentales para establecer las mociones, y si estas contemplar\u00e1n medidas de fuerza o no. Mientras que el jueves por la tarde se llevar\u00eda a cabo la asamblea provincial, donde se resolver\u00e1 la aceptaci\u00f3n o el rechazo de la propuesta.<\/p>\n<p>&nbsp;<\/p>\n<p>&nbsp;<\/p>\n<p>&nbsp;<\/p>\n<p>Previamente, los docentes p\u00fablicos hab\u00edan cuestionado la demora en la convocatoria, remarcando el margen escaso de cara al inicio del ciclo lectivo. &#8220;Creemos que la provincia tendr\u00eda que haber convocado antes para tratar las condiciones y poder empezar a discutir con tiempo&#8221;, hab\u00eda dicho Rodrigo Alonso, secretario general de Amsafe La Capital luego de la primera reuni\u00f3n en la que el gobierno no llev\u00f3 a la mesa una oferta concreta.<\/p>\n<p>&nbsp;<\/p>\n<p>&nbsp;<\/p>\n<p>&nbsp;<\/p>\n<p>Por otra parte, la negociaci\u00f3n marcar\u00e1 el rumbo para los dem\u00e1s gremios santafesinos. La convocatoria a sindicatos estatales est\u00e1 prevista para este mi\u00e9rcoles y la de los profesionales de la salud para el pr\u00f3ximo jueves. En la primera reuni\u00f3n, desde la administraci\u00f3n central hab\u00edan anticipado que esperan que la propuesta se encuentre en el orden del 55% de acuerdo a la inflaci\u00f3n proyectada para este a\u00f1o, mientras que los m\u00e9dicos solicitaron un aumento cercano al 60%.<\/p>\n<p>&nbsp;<\/p>\n<p>&nbsp;<\/p>\n<p>&nbsp;<\/p>\n<p>JUBILACIONES<\/p>\n<p>El ministro de Educaci\u00f3n de la Naci\u00f3n, Jaime Perczyk, se mostr\u00f3 &#8220;absolutamente optimista&#8221; en relaci\u00f3n al ofrecimiento de un aumento salarial para los docentes formulado por el Gobierno nacional. Respecto a la pol\u00e9mica suscitada sobre modificaciones en las jubilaciones docentes en el entendimiento acordado con el FMI, Perczyk asegur\u00f3 que &#8220;no est\u00e1n en discusi\u00f3n&#8221; los reg\u00edmenes especiales de los aportes jubilatorios de los docentes de la educaci\u00f3n obligatoria, universitaria e investigadores. &#8220;Los docentes tenemos leyes que plantean c\u00f3mo es nuestro aporte jubilatorio para lo cu\u00e1l hacemos aportes especiales y eso no est\u00e1 en discusi\u00f3n&#8221;, complet\u00f3.<\/p>\n<p>&nbsp;<\/p>\n<p>&nbsp;<\/p>\n<p>&nbsp;<\/p>\n<p>BUENAS PERSPECTIVAS PARA LA OFERTA NACIONAL<\/p>\n<p>&nbsp;<\/p>\n<p>El ofrecimiento del gobierno nacional de un incremento salarial del 45,4% a pagar en cuatro tramos para los docentes, elevando el salario m\u00ednimo a $ 60.000 en septiembre cuenta con el visto bueno de los representantes gremiales, aunque la propuesta todav\u00eda tienen que ser aprobada por los cuerpos org\u00e1nicos.<\/p>\n<p>Por el momento, el Consejo Directivo Nacional de SADOP fue el \u00fanico que aprob\u00f3 la oferta. UDA se manifest\u00f3 en consenso con el aumento para el primer tramo del a\u00f1o y ahora debe terminar de rubricarlo. Mientras que la Ctera tratar\u00e1 la propuesta el pr\u00f3ximo viernes en Congreso, aunque la secretaria general, Sonia Alesso, destac\u00f3 el ofrecimiento y consider\u00f3 que se trata de una propuesta que &#8220;reconoce varios temas planteados&#8221; por los sindicatos en los \u00faltimos meses.<\/p>\n<p>&#8220;Se trata de fijar el piso nacional, ning\u00fan docente por debajo de eso. Tienen que ver con fortalecer aquellas provincias que reciben los salarios mas bajos para que no haya una diferencia abismal entre un docente de una provincia m\u00e1s ricas o con m\u00e1s posibilidades a un docente de una provincia mas empobrecida&#8221;, agreg\u00f3 Alesso en declaraciones radiales.<\/p>\n","protected":false},"excerpt":{"rendered":"<p>Cuando restan tres d\u00edas h\u00e1biles para el inicio del ciclo lectivo 2022 y con un fin de semana extra large de por medio, lleg\u00f3 la primera oferta salarial de Santa Fe a los docentes. El gobierno provincial ofreci\u00f3 a los gremios un incremento del 41,7%, dividido en cuatro tramos hasta septiembre, con un primer pago [&hellip;]<\/p>\n","protected":false},"author":3,"featured_media":31978,"comment_status":"closed","ping_status":"closed","sticky":false,"template":"","format":"standard","meta":{"_joinchat":[],"footnotes":""},"categories":[39,60],"tags":[],"class_list":{"0":"post-31976","1":"post","2":"type-post","3":"status-publish","4":"format-standard","5":"has-post-thumbnail","7":"category-educacion","8":"category-provinciales"},"_links":{"self":[{"href":"https:\/\/infovera.com.ar\/web\/wp-json\/wp\/v2\/posts\/31976","targetHints":{"allow":["GET"]}}],"collection":[{"href":"https:\/\/infovera.com.ar\/web\/wp-json\/wp\/v2\/posts"}],"about":[{"href":"https:\/\/infovera.com.ar\/web\/wp-json\/wp\/v2\/types\/post"}],"author":[{"embeddable":true,"href":"https:\/\/infovera.com.ar\/web\/wp-json\/wp\/v2\/users\/3"}],"replies":[{"embeddable":true,"href":"https:\/\/infovera.com.ar\/web\/wp-json\/wp\/v2\/comments?post=31976"}],"version-history":[{"count":0,"href":"https:\/\/infovera.com.ar\/web\/wp-json\/wp\/v2\/posts\/31976\/revisions"}],"wp:featuredmedia":[{"embeddable":true,"href":"https:\/\/infovera.com.ar\/web\/wp-json\/wp\/v2\/media\/31978"}],"wp:attachment":[{"href":"https:\/\/infovera.com.ar\/web\/wp-json\/wp\/v2\/media?parent=31976"}],"wp:term":[{"taxonomy":"category","embeddable":true,"href":"https:\/\/infovera.com.ar\/web\/wp-json\/wp\/v2\/categories?post=31976"},{"taxonomy":"post_tag","embeddable":true,"href":"https:\/\/infovera.com.ar\/web\/wp-json\/wp\/v2\/tags?post=31976"}],"curies":[{"name":"wp","href":"https:\/\/api.w.org\/{rel}","templated":true}]}}