{"id":31973,"date":"2022-02-22T18:39:50","date_gmt":"2022-02-22T21:39:50","guid":{"rendered":"https:\/\/infovera.com.ar\/web\/?p=31973"},"modified":"2022-02-22T18:39:50","modified_gmt":"2022-02-22T21:39:50","slug":"la-corte-provincial-avalo-a-traferri-los-fiscales-no-pueden-citarlo-a-audiencia-imputativa","status":"publish","type":"post","link":"https:\/\/infovera.com.ar\/web\/2022\/02\/22\/la-corte-provincial-avalo-a-traferri-los-fiscales-no-pueden-citarlo-a-audiencia-imputativa\/","title":{"rendered":"La Corte provincial aval\u00f3 a Traferri: los fiscales no pueden citarlo a audiencia imputativa"},"content":{"rendered":"<div class=\"article-body\">\n<p>La\u00a0<a class=\"agrupador\" href=\"https:\/\/www.lacapital.com.ar\/corte-a22485.html\" rel=\"22485\">Corte<\/a>\u00a0Suprema de Santa Fe dictamin\u00f3 la constitucionalidad de los fueros absolutos de los legisladores de Santa Fe lo que impide que el senador provincial Armando\u00a0<a class=\"agrupador\" href=\"https:\/\/www.lacapital.com.ar\/traferri-a62849.html\" rel=\"62849\">Traferri<\/a>\u00a0(PJ\/San Lorenzo) sea citado a audiencia imputativa por los dos fiscales que lo se\u00f1alan como organizador de juego ilegal en la provincia.<\/p>\n<\/div>\n<div class=\"article-body\">\n<p>La resoluci\u00f3n de la Corte favoreci\u00f3 a Traferri por cinco votos contra uno. Se pronunciaron a favor de la constitucionalidad los ministros Rafael Guti\u00e9rrez, Roberto Falistocco, Eduardo Spuler, Mar\u00eda Ang\u00e9lica Gastaldi y Mario Netri. El ministro Daniel Erbetta fue el \u00fanico que disinti\u00f3.<\/p>\n<\/div>\n<div class=\"article-body\">\n<p>Este fallo es resultado de un tr\u00e1mite que se inici\u00f3 en diciembre de 2020 con el pedido de desafuero de los fiscales Mat\u00edas Edery y Luis Schiappa Pietra para imputar de ese modo a Traferri por el delito mencionado. A principios de 2021 la jueza Eleonora Ver\u00f3n rechaz\u00f3 el planteo de inconstitucionalidad de los fiscales para citar a Traferri a audiencia imputativa sin que los senadores hubieran levantado los fueros de su colega.<\/p>\n<p>Posteriormente el camarista Jos\u00e9 Luis Mascali dio la raz\u00f3n a los fiscales: desconoci\u00f3 la decisi\u00f3n de Ver\u00f3n se\u00f1alando que el art\u00edculo de la Constituci\u00f3n de Santa Fe que impide investigar a un legislador es inconstitucional. Ante eso Traferri fue citado a audiencia imputativa el 23 de agosto pasado, pero no concurri\u00f3. Seg\u00fan dijeron sus defensores, como el fallo de Mascali estaba apelado, la Corte Suprema deb\u00eda dirimir el caso.<\/p>\n<p>Ese pronunciamiento es el que se difundi\u00f3 este martes. El voto de Falistocco sostuvo inicialmente que la inmunidad del proceso es una opci\u00f3n v\u00e1lida dentro de la Constituci\u00f3n provincial cuando la c\u00e1mara legislativa no otorga el desafuero solicitado por los investigadores penales como ocurri\u00f3 en el caso del senador por San Lorenzo. Guti\u00e9rrez por su lado se\u00f1ala que la ley que impidi\u00f3 el desafuero est\u00e1 protegida por la Constituci\u00f3n provincial de Santa Fe de 1962 que el ministro de la Corte Nacional Alberto Horacio Rosatti considera &#8220;una Constituci\u00f3n de avanzada para su \u00e9poca que mantiene (&#8230;) plena actualidad&#8221;.<\/p>\n<\/div>\n","protected":false},"excerpt":{"rendered":"<p>La\u00a0Corte\u00a0Suprema de Santa Fe dictamin\u00f3 la constitucionalidad de los fueros absolutos de los legisladores de Santa Fe lo que impide que el senador provincial Armando\u00a0Traferri\u00a0(PJ\/San Lorenzo) sea citado a audiencia imputativa por los dos fiscales que lo se\u00f1alan como organizador de juego ilegal en la provincia. La resoluci\u00f3n de la Corte favoreci\u00f3 a Traferri por [&hellip;]<\/p>\n","protected":false},"author":3,"featured_media":31974,"comment_status":"closed","ping_status":"closed","sticky":false,"template":"","format":"standard","meta":{"_joinchat":[],"footnotes":""},"categories":[60],"tags":[],"class_list":{"0":"post-31973","1":"post","2":"type-post","3":"status-publish","4":"format-standard","5":"has-post-thumbnail","7":"category-provinciales"},"_links":{"self":[{"href":"https:\/\/infovera.com.ar\/web\/wp-json\/wp\/v2\/posts\/31973","targetHints":{"allow":["GET"]}}],"collection":[{"href":"https:\/\/infovera.com.ar\/web\/wp-json\/wp\/v2\/posts"}],"about":[{"href":"https:\/\/infovera.com.ar\/web\/wp-json\/wp\/v2\/types\/post"}],"author":[{"embeddable":true,"href":"https:\/\/infovera.com.ar\/web\/wp-json\/wp\/v2\/users\/3"}],"replies":[{"embeddable":true,"href":"https:\/\/infovera.com.ar\/web\/wp-json\/wp\/v2\/comments?post=31973"}],"version-history":[{"count":0,"href":"https:\/\/infovera.com.ar\/web\/wp-json\/wp\/v2\/posts\/31973\/revisions"}],"wp:featuredmedia":[{"embeddable":true,"href":"https:\/\/infovera.com.ar\/web\/wp-json\/wp\/v2\/media\/31974"}],"wp:attachment":[{"href":"https:\/\/infovera.com.ar\/web\/wp-json\/wp\/v2\/media?parent=31973"}],"wp:term":[{"taxonomy":"category","embeddable":true,"href":"https:\/\/infovera.com.ar\/web\/wp-json\/wp\/v2\/categories?post=31973"},{"taxonomy":"post_tag","embeddable":true,"href":"https:\/\/infovera.com.ar\/web\/wp-json\/wp\/v2\/tags?post=31973"}],"curies":[{"name":"wp","href":"https:\/\/api.w.org\/{rel}","templated":true}]}}