{"id":31951,"date":"2022-02-22T09:00:58","date_gmt":"2022-02-22T12:00:58","guid":{"rendered":"https:\/\/infovera.com.ar\/web\/?p=31951"},"modified":"2022-02-23T10:08:45","modified_gmt":"2022-02-23T13:08:45","slug":"el-2023-adelanta-riesgosamente-los-tiempos","status":"publish","type":"post","link":"https:\/\/infovera.com.ar\/web\/2022\/02\/22\/el-2023-adelanta-riesgosamente-los-tiempos\/","title":{"rendered":"El 2023 adelanta riesgosamente los tiempos"},"content":{"rendered":"<p><strong>Por: Dar\u00edo H. Dario Schueri.<\/strong><\/p>\n<p>Usualmente los meses de enero y febrero para el periodismo pol\u00edtico local eran considerados \u201cmeses muertos\u201d, donde para escribir o decir algo hab\u00eda que extremar el ingenio \u2013 y porque no la inspiraci\u00f3n narrativa &#8211; y exprimir a las fuentes en \u201coff\u201d hasta el hartazgo. Este a\u00f1o eso no sucedi\u00f3. En pleno mes de enero, con picos de tercera ola de pandemia, la pol\u00edtica no dejaba de chorrear datos y noticias.<\/p>\n<p>La casi certera sensaci\u00f3n opositora de que el a\u00f1o que viene podr\u00edan recuperar el poder nacional y provincial, debido al hast\u00edo que provoca el gobierno de Alberto Fern\u00e1ndez por un lado \u2013 reflejado en las elecciones de medio t\u00e9rmino del a\u00f1o pasado &#8211; , y la para ellos desastrosa gesti\u00f3n provincial, alimentaron los \u00e1nimos. Y las internas.<\/p>\n<p>El radicalismo que llev\u00f3 el a\u00f1o pasado tres candidatos a las PASO nacionales en la Provincia, y termin\u00f3 imponi\u00e9ndose en las generales con una outsider de la pol\u00edtica, como la periodista Carolina Rosada, presiente que despu\u00e9s de exactamente 40 a\u00f1os de democracia \u2013 y 12 dentro de un frente gobernante \u2013 el 2023 es su oportunidad para poner un radical en el Sill\u00f3n del Brigadier.<\/p>\n<p><strong>Golpe por golpe<\/strong><\/p>\n<p>Maximiliano Pullaro, al d\u00eda siguiente de haber quedado relegado al segundo lugar por escaso margen en las PASO de Setiembre, anunci\u00f3 su intenci\u00f3n de ser pre candidato a Gobernador, poniendo en pr\u00e1ctica la ley de acci\u00f3n y reacci\u00f3n de Newton: a cada movida del \u201cpullarismo\u201d, el sector de Galdeano \u2013 Barletta comenz\u00f3 a responder con otra movida de piezas, siempre con la emblem\u00e1tica figura de Losada de estandarte.<\/p>\n<p>La \u00faltima jugada, despu\u00e9s de la pol\u00edticamente ruidosa movilizaci\u00f3n de una setentena de presidentes de comunas e intendentes radicales junto con PDP y algunos socialistas (el Partido socialista no particip\u00f3 org\u00e1nicamente y tampoco el PRO), impulsada por el \u201cpullarismo\u201d hacia la Casa de Gobierno, para reclamar por la discriminaci\u00f3n en el pago de programas y obras de las que dicen ser v\u00edctimas por parte del Poder Ejecutivo, fue devuelta por el \u201cgaldeanismo\u201d con la bajada a Rosario de l\u00edderes del radicalismo nacional \u2013 en paso hacia esta capital \u2013 para \u201csaludar\u201d y despu\u00e9s cenar con el lord mayor rosarino, y de inicios radicales, Pablo Javkin, a quien muestran como \u201ccandidateable\u201d de esa fracci\u00f3n, y de quien el titular de la UCR nacional Gerardo Morales dijo que \u201cpuede ser un gran gobernador de Santa Fe\u201d.<\/p>\n<p>Paralelamente en esta capital, el pullarismo Evolucion recibia en el Comit\u00e9 Provincia a su referente nacional, Mart\u00edn Lousteau.<\/p>\n<p>Pero la gota que rebals\u00f3 el vaso, fue la \u201catrevida\u201d jugada de Galdeano de ir con Losada a una tertulia pol\u00edtica en la casa de la dirigente ex &#8211; reutemista Alejandra Vucasovich, donde estaban \u201cproistas\u201d distanciados de Federico Angelini, los ex \u2013 reutemistas Norberto Nicotra y Ricardo Spinozzi, y la frutilla del postre: Ra\u00fal \u201coreja\u201d Fern\u00e1ndez, alter ego de Miguel Torres del Sel.<\/p>\n<p>Si la intenci\u00f3n era generar la inmediata ilusi\u00f3n de un probable \u201crentr\u00e9e\u201d del \u201cMidachi\u201d a la pol\u00edtica, lo consiguieron.<\/p>\n<p>Al d\u00eda siguiente, Pullaro hizo que Gerardo Morales pasara por su bloque a saludarlo, y de paso ya que estaba en la C\u00e1mara de Diputados, el jefe de los radicales aprovech\u00f3 para visitar \u201ca los hermanos\u201d del socialismo, que lo recibi\u00f3 en el bloque con el titular del PS Enrique Est\u00e9vez, el presidente de la C\u00e1mara Pablo Far\u00edas y la diputada Clara Garc\u00eda.<\/p>\n<p><strong>Santafesinos con Milei<\/strong><\/p>\n<p>La diputada provincial Betina Florito, junto con el titular del Partido UNITE Jos\u00e9 Bonacci y el apoderado Cristian Hoffmann, participaron el s\u00e1bado del multitudinario acto \u2013 clase abierta de Javier Milei en C\u00f3rdoba, cuyos minutos finales tuvo un fuerte tono presidencialista.<br \/>\nPreviamente, los dirigentes de UNITE formaron parte de un c\u00f3nclave de la Fundaci\u00f3n LiberAR junto con representantes de todo el pa\u00eds.<\/p>\n<p>Precisamente UNITE, socio en CABA de La Libertad Avanza, es una de las corrientes pol\u00edticas que participa del armado nacional de Javier Milei.<\/p>\n<p><strong>Perotti: \u00bfPodr\u00eda ser El Elegido?<\/strong><\/p>\n<p>Escribi\u00f3 Joaqu\u00edn Morales Sola en La Naci\u00f3n: \u201cAlberto Fern\u00e1ndez no deber\u00eda confundirse: \u00e9l no ser\u00e1 el candidato de Cristina en las pr\u00f3ximas elecciones presidenciales. Ella elegir\u00e1 otro para ocupar la m\u00e1s importante poltrona del Estado. Cristina ser\u00e1 candidata a senadora nacional por la provincia de Buenos Aires, que en 2023 renovar\u00e1 los senadores que eligi\u00f3 en 2017. Se puede renunciar a los honores, pero nunca a los fueros\u201d.<\/p>\n<p>Una de las opciones que podr\u00eda barajarse para ser El Elegido de CFK, ser\u00eda la del Gobernador santafesino Omar Perotti, gestor de la segunda Provincia del pa\u00eds y con aceitados v\u00ednculos con el Instituto Patria (que fue medular en el encofrado de las ultimas listas para las elecciones nacionales en Santa Fe, de las cuales particip\u00f3 el propio Perotti).<\/p>\n<p>Sabido es que el Gobernador cordob\u00e9s Juan Schiaretti va a pelear la opci\u00f3n presidencial dentro de un peronismo de \u201ccentro derecha\u201d, junto con gobernadores afines y dirigentes del peronismo \u201cno K\u201d a los cuales, por otra parte, est\u00e1 seduciendo Miguel A. Pichetto para el armado de Juntos por el Cambio.<\/p>\n<p><strong>La inseguridad en cifras. La realidad en vidas y bienes<\/strong><\/p>\n<p>Mientras el diputado radical Juan Cruz C\u00e1ndido asevera que el nivel de inseguridad y violencia en las calles se increment\u00f3 en el 2020, despu\u00e9s de un pico de descenso desde el a\u00f1o 2016, desde el Ministerio de Seguridad le responden con datos del Observatorio de Seguridad, que estar\u00eda marcando el inicio de la violencia imparable y en aumento, a partir del a\u00f1o 2012 (gobiernos de Cristina Fern\u00e1ndez y Antonio Bonfatti).<\/p>\n<p>Poco y nada le importan esos guarismos a los familiares de v\u00edctimas de la inseguridad santafesinos y rosarinos, que el jueves la un\u00edsono reclamaron frente a Casa de Gobierno por la \u201cimpunidad\u201d de la que goza el delito, organizado o no, y la complacencia por acci\u00f3n u omisi\u00f3n, de los encumbrados actores que estaban debatiendo el tema en el primer piso de Casa de Gobierno, dentro del marco del Consejo Provincial de Seguridad.<\/p>\n<p>El Gobernador Omar Perotti y su Vice Alejandra Rodenas, el titular de la Corte Suprema de Justicia Rafael Guti\u00e9rrez, el Fiscal General Jorge Baclini, ministros y senadores y diputados intentaron ponerle el cascabel al gato de la violencia y el delito.<\/p>\n<p>Un dato de Perogrullo: el Ministro de Seguridad Jorge Lagna asevera que el delito y la violencia (interpersonal y hacia terceros) no se pueden disociar de la realidad socio econ\u00f3mica. \u00bfPor qu\u00e9 no particip\u00f3 entonces en ese c\u00f3nclave el Ministro de Desarrollo Social Danilo Capitani?.<\/p>\n<p><strong>Presos y costos<\/strong><\/p>\n<p>Ante la insistente pr\u00e9dica social de mayor cantidad de delincuentes presos, desde el ministerio de seguridad respondieron con cifras: 8.270 detenidos hay en la Provincia (de los 438 son presos federales), un 8.8% m\u00e1s que en el a\u00f1o 2020.<\/p>\n<p>\u00bfCu\u00e1nto le cuesta al Estado una persona detenida?. Seg\u00fan el Servicio Penitenciario, 2.050 pesos por d\u00eda, o sea entre 45 a 50 mil pesos por mes, tomando no solo la comida, sino todo el personal: 4.000 empleados, salud, educaci\u00f3n, traslados y traslado del personal, (m\u00e1s o menos 600 personas salen los 7 d\u00edas de la semana para trabajar en las c\u00e1rceles del sur). Y la manutenci\u00f3n de los 4.000 empleados en cada c\u00e1rcel<\/p>\n<p>Seg\u00fan Walter Galvez, Secretario de Asuntos Penitenciarios, los montos para este a\u00f1o 2022 van a ser muchos mas altos.<\/p>\n","protected":false},"excerpt":{"rendered":"<p>Por: Dar\u00edo H. Dario Schueri. Usualmente los meses de enero y febrero para el periodismo pol\u00edtico local eran considerados \u201cmeses muertos\u201d, donde para escribir o decir algo hab\u00eda que extremar el ingenio \u2013 y porque no la inspiraci\u00f3n narrativa &#8211; y exprimir a las fuentes en \u201coff\u201d hasta el hartazgo. Este a\u00f1o eso no sucedi\u00f3. [&hellip;]<\/p>\n","protected":false},"author":3,"featured_media":31952,"comment_status":"closed","ping_status":"closed","sticky":false,"template":"","format":"standard","meta":{"_joinchat":[],"footnotes":""},"categories":[58,66],"tags":[],"class_list":{"0":"post-31951","1":"post","2":"type-post","3":"status-publish","4":"format-standard","5":"has-post-thumbnail","7":"category-opinion","8":"category-politica"},"_links":{"self":[{"href":"https:\/\/infovera.com.ar\/web\/wp-json\/wp\/v2\/posts\/31951","targetHints":{"allow":["GET"]}}],"collection":[{"href":"https:\/\/infovera.com.ar\/web\/wp-json\/wp\/v2\/posts"}],"about":[{"href":"https:\/\/infovera.com.ar\/web\/wp-json\/wp\/v2\/types\/post"}],"author":[{"embeddable":true,"href":"https:\/\/infovera.com.ar\/web\/wp-json\/wp\/v2\/users\/3"}],"replies":[{"embeddable":true,"href":"https:\/\/infovera.com.ar\/web\/wp-json\/wp\/v2\/comments?post=31951"}],"version-history":[{"count":0,"href":"https:\/\/infovera.com.ar\/web\/wp-json\/wp\/v2\/posts\/31951\/revisions"}],"wp:featuredmedia":[{"embeddable":true,"href":"https:\/\/infovera.com.ar\/web\/wp-json\/wp\/v2\/media\/31952"}],"wp:attachment":[{"href":"https:\/\/infovera.com.ar\/web\/wp-json\/wp\/v2\/media?parent=31951"}],"wp:term":[{"taxonomy":"category","embeddable":true,"href":"https:\/\/infovera.com.ar\/web\/wp-json\/wp\/v2\/categories?post=31951"},{"taxonomy":"post_tag","embeddable":true,"href":"https:\/\/infovera.com.ar\/web\/wp-json\/wp\/v2\/tags?post=31951"}],"curies":[{"name":"wp","href":"https:\/\/api.w.org\/{rel}","templated":true}]}}