{"id":31934,"date":"2022-02-22T09:00:35","date_gmt":"2022-02-22T12:00:35","guid":{"rendered":"https:\/\/infovera.com.ar\/web\/?p=31934"},"modified":"2022-02-22T18:14:07","modified_gmt":"2022-02-22T21:14:07","slug":"accidente-fatal-en-la-ruta-83-s","status":"publish","type":"post","link":"https:\/\/infovera.com.ar\/web\/2022\/02\/22\/accidente-fatal-en-la-ruta-83-s\/","title":{"rendered":"Accidente fatal en la Ruta 83 S"},"content":{"rendered":"<p><strong>A las 5:30, en Ruta 83S, por causas que se tratan de establecer, colisionaron una moto marca Yamaha 125 CC guiada por un joven de 24 a\u00f1os de edad<\/strong> y una camioneta marca Toyota Hilux guiada por un hombre 58 a\u00f1os de edad.<\/p>\n<p>Ambas personas oriundas de la localidad de la Gallareta.<\/p>\n<p>A ra\u00edz del siniestro vial se produjo el deceso del joven de 24 a\u00f1os de edad Agust\u00edn Giauque.<\/p>\n<p>Intervino personal policial de Margarita.<\/p>\n<p><a href=\"https:\/\/infovera.com.ar\/web\/wp-content\/uploads\/2021\/12\/ACOSTaa-1.jpg\"><img loading=\"lazy\" decoding=\"async\" class=\" wp-image-30589 aligncenter\" src=\"https:\/\/infovera.com.ar\/web\/wp-content\/uploads\/2021\/12\/ACOSTaa-1-300x54.jpg\" alt=\"\" width=\"728\" height=\"131\" srcset=\"https:\/\/infovera.com.ar\/web\/wp-content\/uploads\/2021\/12\/ACOSTaa-1-300x54.jpg 300w, https:\/\/infovera.com.ar\/web\/wp-content\/uploads\/2021\/12\/ACOSTaa-1.jpg 670w\" sizes=\"auto, (max-width: 728px) 100vw, 728px\" \/><\/a><\/p>\n","protected":false},"excerpt":{"rendered":"<p>A las 5:30, en Ruta 83S, por causas que se tratan de establecer, colisionaron una moto marca Yamaha 125 CC guiada por un joven de 24 a\u00f1os de edad y una camioneta marca Toyota Hilux guiada por un hombre 58 a\u00f1os de edad. Ambas personas oriundas de la localidad de la Gallareta. A ra\u00edz del [&hellip;]<\/p>\n","protected":false},"author":3,"featured_media":31935,"comment_status":"closed","ping_status":"closed","sticky":false,"template":"","format":"standard","meta":{"_joinchat":[],"footnotes":""},"categories":[51,30],"tags":[],"class_list":{"0":"post-31934","1":"post","2":"type-post","3":"status-publish","4":"format-standard","5":"has-post-thumbnail","7":"category-locales","8":"category-policiales"},"_links":{"self":[{"href":"https:\/\/infovera.com.ar\/web\/wp-json\/wp\/v2\/posts\/31934","targetHints":{"allow":["GET"]}}],"collection":[{"href":"https:\/\/infovera.com.ar\/web\/wp-json\/wp\/v2\/posts"}],"about":[{"href":"https:\/\/infovera.com.ar\/web\/wp-json\/wp\/v2\/types\/post"}],"author":[{"embeddable":true,"href":"https:\/\/infovera.com.ar\/web\/wp-json\/wp\/v2\/users\/3"}],"replies":[{"embeddable":true,"href":"https:\/\/infovera.com.ar\/web\/wp-json\/wp\/v2\/comments?post=31934"}],"version-history":[{"count":0,"href":"https:\/\/infovera.com.ar\/web\/wp-json\/wp\/v2\/posts\/31934\/revisions"}],"wp:featuredmedia":[{"embeddable":true,"href":"https:\/\/infovera.com.ar\/web\/wp-json\/wp\/v2\/media\/31935"}],"wp:attachment":[{"href":"https:\/\/infovera.com.ar\/web\/wp-json\/wp\/v2\/media?parent=31934"}],"wp:term":[{"taxonomy":"category","embeddable":true,"href":"https:\/\/infovera.com.ar\/web\/wp-json\/wp\/v2\/categories?post=31934"},{"taxonomy":"post_tag","embeddable":true,"href":"https:\/\/infovera.com.ar\/web\/wp-json\/wp\/v2\/tags?post=31934"}],"curies":[{"name":"wp","href":"https:\/\/api.w.org\/{rel}","templated":true}]}}