{"id":31926,"date":"2022-02-21T20:51:40","date_gmt":"2022-02-21T23:51:40","guid":{"rendered":"https:\/\/infovera.com.ar\/web\/?p=31926"},"modified":"2022-02-21T20:51:40","modified_gmt":"2022-02-21T23:51:40","slug":"reconquista-en-modo-carnaval","status":"publish","type":"post","link":"https:\/\/infovera.com.ar\/web\/2022\/02\/21\/reconquista-en-modo-carnaval\/","title":{"rendered":"Reconquista en modo Carnaval"},"content":{"rendered":"<p>Una gran cantidad de p\u00fablico y un clima ideal dieron marco a las primeras noches de los Carnavales de Reconquista que, los d\u00edas viernes 18 y s\u00e1bado 19 de febrero, se desarrollaron en el cors\u00f3dromo de Bv. Lovatto entre Chacabuco y Fray Rossi.<\/p>\n<p>&nbsp;<\/p>\n<p>Ko\u00e9 Por\u00e1, O&#8217; Bah\u00eda, Piray y Globeleza desplegaron su colorido, glamour y ritmo en un espect\u00e1culo de primera categor\u00eda, ante el aplauso de quienes se dieron cita para disfrutar de un evento tradicional que conquist\u00f3 el coraz\u00f3n de Reconquista y la regi\u00f3n.<\/p>\n<p>&nbsp;<\/p>\n<p>El Intendente Dr. Amadeo Enrique Vallejos felicit\u00f3 a los organizadores y a cada integrante de las comparsas: m\u00fasicos, bailarines, vestuaristas, core\u00f3grafos, asistentes y m\u00e1s personas que, durante todo el a\u00f1o, preparan esta gran manifestaci\u00f3n cultural basada en un esp\u00edritu festivo y alegre, con el compromiso de la Municipalidad de Reconquista para mantener y promover este espect\u00e1culo art\u00edstico.<\/p>\n<p>&nbsp;<\/p>\n<p>Te esperamos el pr\u00f3ximo fin de semana para compartir dos nuevas jornadas de esta fiesta popular y colmar a nuestra ciudad de danza, m\u00fasica, ritmo, color y alegr\u00eda.<\/p>\n<p>&nbsp;<\/p>\n<p><strong>Venta de Entradas Anticipadas<\/strong><\/p>\n<p>&nbsp;<\/p>\n<p>Las localidades para las noches del s\u00e1bado 26 y domingo 27 de febrero se pueden adquirir desde el pr\u00f3ximo martes 22, de 18:00 a 21:00 horas, en el Museo de Arte \u201cJulio Pagano\u201d (Patricio Diez y Obligado).<\/p>\n<p>&nbsp;<\/p>\n<p>\u2022 Entrada General $300.<\/p>\n<p>\u2022 Entrada General x 4 $1000.<\/p>\n<p>&nbsp;<\/p>\n<p>Sector de Sillas<\/p>\n<p>\u2022 1era fila $300.<\/p>\n<p>\u2022 2da fila $200.<\/p>\n<p>&nbsp;<\/p>\n<p>Sector de Mesas<\/p>\n<p>\u2022 1era fila $3000.<\/p>\n<p>\u2022 2da fila $2400.<\/p>\n<p>&nbsp;<\/p>\n<p>\u2022 Tribunas $200.<\/p>\n<p>(se venden en el predio).<\/p>\n","protected":false},"excerpt":{"rendered":"<p>Una gran cantidad de p\u00fablico y un clima ideal dieron marco a las primeras noches de los Carnavales de Reconquista que, los d\u00edas viernes 18 y s\u00e1bado 19 de febrero, se desarrollaron en el cors\u00f3dromo de Bv. Lovatto entre Chacabuco y Fray Rossi. &nbsp; Ko\u00e9 Por\u00e1, O&#8217; Bah\u00eda, Piray y Globeleza desplegaron su colorido, glamour [&hellip;]<\/p>\n","protected":false},"author":3,"featured_media":31928,"comment_status":"closed","ping_status":"closed","sticky":false,"template":"","format":"standard","meta":{"_joinchat":[],"footnotes":""},"categories":[55],"tags":[],"class_list":{"0":"post-31926","1":"post","2":"type-post","3":"status-publish","4":"format-standard","5":"has-post-thumbnail","7":"category-reconquista"},"_links":{"self":[{"href":"https:\/\/infovera.com.ar\/web\/wp-json\/wp\/v2\/posts\/31926","targetHints":{"allow":["GET"]}}],"collection":[{"href":"https:\/\/infovera.com.ar\/web\/wp-json\/wp\/v2\/posts"}],"about":[{"href":"https:\/\/infovera.com.ar\/web\/wp-json\/wp\/v2\/types\/post"}],"author":[{"embeddable":true,"href":"https:\/\/infovera.com.ar\/web\/wp-json\/wp\/v2\/users\/3"}],"replies":[{"embeddable":true,"href":"https:\/\/infovera.com.ar\/web\/wp-json\/wp\/v2\/comments?post=31926"}],"version-history":[{"count":0,"href":"https:\/\/infovera.com.ar\/web\/wp-json\/wp\/v2\/posts\/31926\/revisions"}],"wp:featuredmedia":[{"embeddable":true,"href":"https:\/\/infovera.com.ar\/web\/wp-json\/wp\/v2\/media\/31928"}],"wp:attachment":[{"href":"https:\/\/infovera.com.ar\/web\/wp-json\/wp\/v2\/media?parent=31926"}],"wp:term":[{"taxonomy":"category","embeddable":true,"href":"https:\/\/infovera.com.ar\/web\/wp-json\/wp\/v2\/categories?post=31926"},{"taxonomy":"post_tag","embeddable":true,"href":"https:\/\/infovera.com.ar\/web\/wp-json\/wp\/v2\/tags?post=31926"}],"curies":[{"name":"wp","href":"https:\/\/api.w.org\/{rel}","templated":true}]}}