{"id":31919,"date":"2022-02-21T18:40:07","date_gmt":"2022-02-21T21:40:07","guid":{"rendered":"https:\/\/infovera.com.ar\/web\/?p=31919"},"modified":"2022-02-22T12:30:11","modified_gmt":"2022-02-22T15:30:11","slug":"en-la-linea-de-fuego-un-bombero-de-vera-combate-los-incendios-en-corrientes-y-misiones","status":"publish","type":"post","link":"https:\/\/infovera.com.ar\/web\/2022\/02\/21\/en-la-linea-de-fuego-un-bombero-de-vera-combate-los-incendios-en-corrientes-y-misiones\/","title":{"rendered":"En la l\u00ednea de fuego: un bombero oriundo de Vera combate los incendios en Corrientes y Misiones"},"content":{"rendered":"<p><strong>Marcelo Barca dio sus primeros pasos en la profesi\u00f3n bomberil all\u00e1 por los 80\/90, en Bomberos Voluntarios de Vera.<\/strong><\/p>\n<p>Luego de aquel inicio, emigr\u00f3 a la capital provincial donde se perfeccion\u00f3 y logr\u00f3 llegar a puestos de mando en la ciudad.<\/p>\n<p>Hoy, est\u00e1 en la Mesopotamia argentina, en la primera l\u00ednea de fuego combatiendo los focos que siguen activos.<\/p>\n<p>Forma parte del contingente santafesino que parti\u00f3 el domingo para ayudar en las tareas.<\/p>\n<p>&#8220;Es orgullo de toda su familia y amigos!!!&#8221;, resaltaron a <strong>InfoVera<\/strong> sus allegados esta tarde.<\/p>\n<p><strong>Telefe Santa Fe pudo acceder a entrevistarlo este mediod\u00eda y aqu\u00ed reproducimos la nota:<\/strong><\/p>\n<p><iframe loading=\"lazy\" title=\"Incendios: los brigadistas santafesinos se encontraron con &quot;una escena fantasmag\u00f3rica&quot;\" width=\"696\" height=\"392\" src=\"https:\/\/www.youtube.com\/embed\/dkNuJO7QZEU?feature=oembed\" frameborder=\"0\" allow=\"accelerometer; autoplay; clipboard-write; encrypted-media; gyroscope; picture-in-picture; web-share\" referrerpolicy=\"strict-origin-when-cross-origin\" allowfullscreen><\/iframe><\/p>\n","protected":false},"excerpt":{"rendered":"<p>Marcelo Barca dio sus primeros pasos en la profesi\u00f3n bomberil all\u00e1 por los 80\/90, en Bomberos Voluntarios de Vera. Luego de aquel inicio, emigr\u00f3 a la capital provincial donde se perfeccion\u00f3 y logr\u00f3 llegar a puestos de mando en la ciudad. Hoy, est\u00e1 en la Mesopotamia argentina, en la primera l\u00ednea de fuego combatiendo los [&hellip;]<\/p>\n","protected":false},"author":3,"featured_media":31920,"comment_status":"closed","ping_status":"closed","sticky":false,"template":"","format":"standard","meta":{"_joinchat":[],"footnotes":""},"categories":[53],"tags":[],"class_list":{"0":"post-31919","1":"post","2":"type-post","3":"status-publish","4":"format-standard","5":"has-post-thumbnail","7":"category-vera"},"_links":{"self":[{"href":"https:\/\/infovera.com.ar\/web\/wp-json\/wp\/v2\/posts\/31919","targetHints":{"allow":["GET"]}}],"collection":[{"href":"https:\/\/infovera.com.ar\/web\/wp-json\/wp\/v2\/posts"}],"about":[{"href":"https:\/\/infovera.com.ar\/web\/wp-json\/wp\/v2\/types\/post"}],"author":[{"embeddable":true,"href":"https:\/\/infovera.com.ar\/web\/wp-json\/wp\/v2\/users\/3"}],"replies":[{"embeddable":true,"href":"https:\/\/infovera.com.ar\/web\/wp-json\/wp\/v2\/comments?post=31919"}],"version-history":[{"count":0,"href":"https:\/\/infovera.com.ar\/web\/wp-json\/wp\/v2\/posts\/31919\/revisions"}],"wp:featuredmedia":[{"embeddable":true,"href":"https:\/\/infovera.com.ar\/web\/wp-json\/wp\/v2\/media\/31920"}],"wp:attachment":[{"href":"https:\/\/infovera.com.ar\/web\/wp-json\/wp\/v2\/media?parent=31919"}],"wp:term":[{"taxonomy":"category","embeddable":true,"href":"https:\/\/infovera.com.ar\/web\/wp-json\/wp\/v2\/categories?post=31919"},{"taxonomy":"post_tag","embeddable":true,"href":"https:\/\/infovera.com.ar\/web\/wp-json\/wp\/v2\/tags?post=31919"}],"curies":[{"name":"wp","href":"https:\/\/api.w.org\/{rel}","templated":true}]}}