{"id":31840,"date":"2022-02-20T18:42:56","date_gmt":"2022-02-20T21:42:56","guid":{"rendered":"https:\/\/infovera.com.ar\/web\/?p=31840"},"modified":"2022-02-21T13:50:46","modified_gmt":"2022-02-21T16:50:46","slug":"brigadistas-santafesinos-ya-partieron-para-ayudar-a-combatir-los-incendios-en-corrientes-y-misiones","status":"publish","type":"post","link":"https:\/\/infovera.com.ar\/web\/2022\/02\/20\/brigadistas-santafesinos-ya-partieron-para-ayudar-a-combatir-los-incendios-en-corrientes-y-misiones\/","title":{"rendered":"Brigadistas santafesinos ya partieron para ayudar a combatir los incendios en Corrientes y Misiones"},"content":{"rendered":"<p><strong>Una delegaci\u00f3n de 41 santafesinos y santafesinas ya sali\u00f3 rumbo a Misiones, donde asentar\u00e1 su base de operaciones, para colaborar en el combate de los incendios en esa zona.<\/strong><\/p>\n<p>Este domingo 20 por la ma\u00f1ana, salieron rumbo a la localidad de Caraguatay, en Misiones, 41 santafesinos y santafesinas de la BAPE -Brigada de Atenci\u00f3n y Prevenci\u00f3n de Emergencias- dependiente de la Secretar\u00eda de Protecci\u00f3n Civil y de la Brigada Forestal perteneciente a la Federaci\u00f3n Santafesina de Bomberos Voluntarios, atendiendo a la convocatoria que el Servicio Nacional del Manejo del Fuego le hiciera al Gobierno de la Provincia de Santa Fe, a trav\u00e9s del Ministerio de Gobierno, Justicia y Derechos Humanos, para combatir los incendios registrados en Corrientes y Misiones.<\/p>\n<p>En ese marco, se movilizaron 4 camiones, -autobombas y el de Log\u00edstica preparado especialmente para estas ocasiones-, y 7 camionetas, adem\u00e1s de todo tipo de herramientas tales como motobombas, mangas forestales, bombas de espalda, motosierras, motoguada\u00f1as, bolsos de primeros auxilios, sopladoras, indumentarias, y equipos de comunicaci\u00f3n, entre otros.<\/p>\n<p>Sobre la colaboraci\u00f3n, el secretario de Protecci\u00f3n Civil y Gesti\u00f3n del Riesgo, Roberto Rioja, afirm\u00f3 que \u201cpara Santa Fe, una vez m\u00e1s, es una forma de devolver para cuando nosotros necesitamos que alguien colabore como a nosotros nos pas\u00f3 con los incendios en el Delta.<\/p>\n<p>Y para demostrar que la emergencia es para todos iguales y para nuestra provincia, a trav\u00e9s de Protecci\u00f3n Civil y de la Federaci\u00f3n Santafesina de Bomberos Voluntarios, va a estar presente para tratar de llevar soluciones a este gran problema que sufren las provincias de Corrientes y Misiones\u201d.<\/p>\n<p>Por su parte, el presidente de esta \u00faltima entidad, Daniel Emmert, dijo que \u201cpor el trabajo en conjunto de Protecci\u00f3n Civil, el Ministerio de Gobierno y el Gobierno de la Provincia de Santa Fe vamos a colaborar con 7 camionetas y el equipamiento para trabajar\u201d en el lugar que se lo requieran.<\/p>\n<p>Cabe destacar que Santa Fe se suma a la colaboraci\u00f3n que prestan tambi\u00e9n las provincias de Buenos Aires, C\u00f3rdoba, La Pampa, Jujuy y Entre R\u00edos.<\/p>\n<div class=\"wp-playlist wp-video-playlist wp-playlist-light\">\n\t\t<video controls=\"controls\" preload=\"none\" width=\"674\"\n\t\t height=\"371\"\t><\/video>\n\t<div class=\"wp-playlist-next\"><\/div>\n\t<div class=\"wp-playlist-prev\"><\/div>\n\t<noscript>\n\t<ol>\n\t\t<li><a href='https:\/\/infovera.com.ar\/web\/wp-content\/uploads\/2022\/02\/WhatsApp-Video-2022-02-20-at-6.10.26-PM.mp4'>Brigadistas<\/a><\/li>\t<\/ol>\n\t<\/noscript>\n\t<script type=\"application\/json\" class=\"wp-playlist-script\">{\"type\":\"video\",\"tracklist\":true,\"tracknumbers\":true,\"images\":true,\"artists\":true,\"tracks\":[{\"src\":\"https:\/\/infovera.com.ar\/web\/wp-content\/uploads\/2022\/02\/WhatsApp-Video-2022-02-20-at-6.10.26-PM.mp4\",\"type\":\"video\/mp4\",\"title\":\"Brigadistas\",\"caption\":\"\",\"description\":\"\",\"meta\":{\"length_formatted\":\"0:56\"},\"dimensions\":{\"original\":{\"width\":640,\"height\":352},\"resized\":{\"width\":674,\"height\":371}},\"image\":{\"src\":\"https:\/\/infovera.com.ar\/web\/wp-includes\/images\/media\/video.svg\",\"width\":48,\"height\":64},\"thumb\":{\"src\":\"https:\/\/infovera.com.ar\/web\/wp-includes\/images\/media\/video.svg\",\"width\":48,\"height\":64}}]}<\/script>\n<\/div>\n\t\n","protected":false},"excerpt":{"rendered":"<p>Una delegaci\u00f3n de 41 santafesinos y santafesinas ya sali\u00f3 rumbo a Misiones, donde asentar\u00e1 su base de operaciones, para colaborar en el combate de los incendios en esa zona. Este domingo 20 por la ma\u00f1ana, salieron rumbo a la localidad de Caraguatay, en Misiones, 41 santafesinos y santafesinas de la BAPE -Brigada de Atenci\u00f3n y [&hellip;]<\/p>\n","protected":false},"author":3,"featured_media":31842,"comment_status":"closed","ping_status":"closed","sticky":false,"template":"","format":"standard","meta":{"_joinchat":[],"footnotes":""},"categories":[60],"tags":[],"class_list":{"0":"post-31840","1":"post","2":"type-post","3":"status-publish","4":"format-standard","5":"has-post-thumbnail","7":"category-provinciales"},"_links":{"self":[{"href":"https:\/\/infovera.com.ar\/web\/wp-json\/wp\/v2\/posts\/31840","targetHints":{"allow":["GET"]}}],"collection":[{"href":"https:\/\/infovera.com.ar\/web\/wp-json\/wp\/v2\/posts"}],"about":[{"href":"https:\/\/infovera.com.ar\/web\/wp-json\/wp\/v2\/types\/post"}],"author":[{"embeddable":true,"href":"https:\/\/infovera.com.ar\/web\/wp-json\/wp\/v2\/users\/3"}],"replies":[{"embeddable":true,"href":"https:\/\/infovera.com.ar\/web\/wp-json\/wp\/v2\/comments?post=31840"}],"version-history":[{"count":0,"href":"https:\/\/infovera.com.ar\/web\/wp-json\/wp\/v2\/posts\/31840\/revisions"}],"wp:featuredmedia":[{"embeddable":true,"href":"https:\/\/infovera.com.ar\/web\/wp-json\/wp\/v2\/media\/31842"}],"wp:attachment":[{"href":"https:\/\/infovera.com.ar\/web\/wp-json\/wp\/v2\/media?parent=31840"}],"wp:term":[{"taxonomy":"category","embeddable":true,"href":"https:\/\/infovera.com.ar\/web\/wp-json\/wp\/v2\/categories?post=31840"},{"taxonomy":"post_tag","embeddable":true,"href":"https:\/\/infovera.com.ar\/web\/wp-json\/wp\/v2\/tags?post=31840"}],"curies":[{"name":"wp","href":"https:\/\/api.w.org\/{rel}","templated":true}]}}