{"id":31791,"date":"2022-02-18T09:18:51","date_gmt":"2022-02-18T12:18:51","guid":{"rendered":"https:\/\/infovera.com.ar\/web\/?p=31791"},"modified":"2022-02-19T18:18:32","modified_gmt":"2022-02-19T21:18:32","slug":"dos-aprehendidos-por-robar-y-faenar-un-chancho-en-margarita","status":"publish","type":"post","link":"https:\/\/infovera.com.ar\/web\/2022\/02\/18\/dos-aprehendidos-por-robar-y-faenar-un-chancho-en-margarita\/","title":{"rendered":"Dos aprehendidos por robar y faenar un chancho en Margarita"},"content":{"rendered":"<p><strong>Efectivos de la Secci\u00f3n Vera de Los Pumas se abocaron a tareas investigativas, debido a que ante sede policial se\u00a0 present\u00f3 un productor ganadero, que posee su establecimiento en zona rural de la localidad de Margarita, poniendo en conocimiento, que momentos <\/strong><strong>antes dos individuos salieron de su predio rural en una motocicleta.<\/strong><\/p>\n<p>En consecuencia, el personal luego de realizar rastrillajes en zona urbana, lograron dar con ambos individuos, los cuales se trasladan en una motocicleta, identificando a ambos ciudadanos de 34 a\u00f1os de 22 a\u00f1os de edad, de requisa voluntaria, constataron en el interior de una bolsa de nylon, distintos cortes c\u00e1rnicos de un animal porcino faenado, de aproximadamente unos 15 kilogramos, los que ser\u00edan propiedad del denunciante, quien al momento de la identificaci\u00f3n, reconoci\u00f3 el animal faenado de su propiedad.<\/p>\n<p>Procedieron al secuestro del total de los cortes c\u00e1rnicos, una motocicleta, CG 150cc, y de la aprehensi\u00f3n de los sujetos, los que fueron trasladados hasta Sede policial donde tras dar conocimiento al fiscal en turno, dispuso que procedan a la formaci\u00f3n de causa por el delito de \u201cAbigeato Calificado\u201d, finiquitados los tramites de rigor, el ciudadano de 34 a\u00f1os detenido fue trasladado hasta las instalaciones de la Secci\u00f3n Alcaid\u00eda de la U.R. XIX, donde quedar\u00e1 alojado a disposici\u00f3n de la Justicia interviniente.<\/p>\n<p>En tanto, el ciudadano de 22 a\u00f1os de edad recuper\u00f3 su libertad. Se prosiguen diligencias. Interviene la Unidad Fiscal de la Ciudad de Vera.<\/p>\n<p><a href=\"https:\/\/infovera.com.ar\/web\/wp-content\/uploads\/2021\/12\/ACOSTaa-1.jpg\"><img loading=\"lazy\" decoding=\"async\" class=\" wp-image-30589 aligncenter\" src=\"https:\/\/infovera.com.ar\/web\/wp-content\/uploads\/2021\/12\/ACOSTaa-1-300x54.jpg\" alt=\"\" width=\"717\" height=\"129\" srcset=\"https:\/\/infovera.com.ar\/web\/wp-content\/uploads\/2021\/12\/ACOSTaa-1-300x54.jpg 300w, https:\/\/infovera.com.ar\/web\/wp-content\/uploads\/2021\/12\/ACOSTaa-1.jpg 670w\" sizes=\"auto, (max-width: 717px) 100vw, 717px\" \/><\/a><\/p>\n","protected":false},"excerpt":{"rendered":"<p>Efectivos de la Secci\u00f3n Vera de Los Pumas se abocaron a tareas investigativas, debido a que ante sede policial se\u00a0 present\u00f3 un productor ganadero, que posee su establecimiento en zona rural de la localidad de Margarita, poniendo en conocimiento, que momentos antes dos individuos salieron de su predio rural en una motocicleta. En consecuencia, el [&hellip;]<\/p>\n","protected":false},"author":3,"featured_media":31792,"comment_status":"closed","ping_status":"closed","sticky":false,"template":"","format":"standard","meta":{"_joinchat":[],"footnotes":""},"categories":[54,30],"tags":[],"class_list":{"0":"post-31791","1":"post","2":"type-post","3":"status-publish","4":"format-standard","5":"has-post-thumbnail","7":"category-margarita","8":"category-policiales"},"_links":{"self":[{"href":"https:\/\/infovera.com.ar\/web\/wp-json\/wp\/v2\/posts\/31791","targetHints":{"allow":["GET"]}}],"collection":[{"href":"https:\/\/infovera.com.ar\/web\/wp-json\/wp\/v2\/posts"}],"about":[{"href":"https:\/\/infovera.com.ar\/web\/wp-json\/wp\/v2\/types\/post"}],"author":[{"embeddable":true,"href":"https:\/\/infovera.com.ar\/web\/wp-json\/wp\/v2\/users\/3"}],"replies":[{"embeddable":true,"href":"https:\/\/infovera.com.ar\/web\/wp-json\/wp\/v2\/comments?post=31791"}],"version-history":[{"count":0,"href":"https:\/\/infovera.com.ar\/web\/wp-json\/wp\/v2\/posts\/31791\/revisions"}],"wp:featuredmedia":[{"embeddable":true,"href":"https:\/\/infovera.com.ar\/web\/wp-json\/wp\/v2\/media\/31792"}],"wp:attachment":[{"href":"https:\/\/infovera.com.ar\/web\/wp-json\/wp\/v2\/media?parent=31791"}],"wp:term":[{"taxonomy":"category","embeddable":true,"href":"https:\/\/infovera.com.ar\/web\/wp-json\/wp\/v2\/categories?post=31791"},{"taxonomy":"post_tag","embeddable":true,"href":"https:\/\/infovera.com.ar\/web\/wp-json\/wp\/v2\/tags?post=31791"}],"curies":[{"name":"wp","href":"https:\/\/api.w.org\/{rel}","templated":true}]}}