{"id":31711,"date":"2022-02-16T13:26:47","date_gmt":"2022-02-16T16:26:47","guid":{"rendered":"https:\/\/infovera.com.ar\/web\/?p=31711"},"modified":"2022-02-18T10:44:54","modified_gmt":"2022-02-18T13:44:54","slug":"asumio-un-nuevo-jefe-en-la-comisaria-de-tartagal","status":"publish","type":"post","link":"https:\/\/infovera.com.ar\/web\/2022\/02\/16\/asumio-un-nuevo-jefe-en-la-comisaria-de-tartagal\/","title":{"rendered":"Asumi\u00f3 un nuevo jefe en la Comisar\u00eda de Tartagal"},"content":{"rendered":"<p><strong>En la fecha \u00a0y mediante resoluci\u00f3n firmada por el Jefe URXIX- Sub Director de polic\u00eda URXIX Omar DUARTE,\u00a0 e<\/strong>n un sencillo acto realizado en la localidad de Tartagal el Sub jefe de URXIX Sub Director Dr. Diego Costanzo\u00a0 acompa\u00f1ado por el jefe de AUOP, Comisario Supervisor Lic. Daniel Fern\u00e1ndez y jefe de zona norte cr\u00edo Mugica Eduardo fue puesto en funciones \u00a0como jefe de la cr\u00eda 7ma Tartagal al Sub Comisario Germ\u00e1n Toledo, contando con la presencia del presidente de comuna Elham Nelson.<\/p>\n","protected":false},"excerpt":{"rendered":"<p>En la fecha \u00a0y mediante resoluci\u00f3n firmada por el Jefe URXIX- Sub Director de polic\u00eda URXIX Omar DUARTE,\u00a0 en un sencillo acto realizado en la localidad de Tartagal el Sub jefe de URXIX Sub Director Dr. Diego Costanzo\u00a0 acompa\u00f1ado por el jefe de AUOP, Comisario Supervisor Lic. Daniel Fern\u00e1ndez y jefe de zona norte cr\u00edo [&hellip;]<\/p>\n","protected":false},"author":3,"featured_media":31708,"comment_status":"closed","ping_status":"closed","sticky":false,"template":"","format":"standard","meta":{"_joinchat":[],"footnotes":""},"categories":[51],"tags":[],"class_list":{"0":"post-31711","1":"post","2":"type-post","3":"status-publish","4":"format-standard","5":"has-post-thumbnail","7":"category-locales"},"_links":{"self":[{"href":"https:\/\/infovera.com.ar\/web\/wp-json\/wp\/v2\/posts\/31711","targetHints":{"allow":["GET"]}}],"collection":[{"href":"https:\/\/infovera.com.ar\/web\/wp-json\/wp\/v2\/posts"}],"about":[{"href":"https:\/\/infovera.com.ar\/web\/wp-json\/wp\/v2\/types\/post"}],"author":[{"embeddable":true,"href":"https:\/\/infovera.com.ar\/web\/wp-json\/wp\/v2\/users\/3"}],"replies":[{"embeddable":true,"href":"https:\/\/infovera.com.ar\/web\/wp-json\/wp\/v2\/comments?post=31711"}],"version-history":[{"count":0,"href":"https:\/\/infovera.com.ar\/web\/wp-json\/wp\/v2\/posts\/31711\/revisions"}],"wp:featuredmedia":[{"embeddable":true,"href":"https:\/\/infovera.com.ar\/web\/wp-json\/wp\/v2\/media\/31708"}],"wp:attachment":[{"href":"https:\/\/infovera.com.ar\/web\/wp-json\/wp\/v2\/media?parent=31711"}],"wp:term":[{"taxonomy":"category","embeddable":true,"href":"https:\/\/infovera.com.ar\/web\/wp-json\/wp\/v2\/categories?post=31711"},{"taxonomy":"post_tag","embeddable":true,"href":"https:\/\/infovera.com.ar\/web\/wp-json\/wp\/v2\/tags?post=31711"}],"curies":[{"name":"wp","href":"https:\/\/api.w.org\/{rel}","templated":true}]}}