{"id":31706,"date":"2022-02-16T13:23:55","date_gmt":"2022-02-16T16:23:55","guid":{"rendered":"https:\/\/infovera.com.ar\/web\/?p=31706"},"modified":"2022-02-18T10:45:50","modified_gmt":"2022-02-18T13:45:50","slug":"en-intiyaco-capacitaron-al-personal-policial-sobre-incendios-forestales","status":"publish","type":"post","link":"https:\/\/infovera.com.ar\/web\/2022\/02\/16\/en-intiyaco-capacitaron-al-personal-policial-sobre-incendios-forestales\/","title":{"rendered":"En Intiyaco: capacitaron al personal policial sobre incendios forestales"},"content":{"rendered":"<p><strong>En\u00a0 fecha 15 de Febrero, en la localidad de Intiyaco, se desarroll\u00f3 la \u201cJORNADA CAPACITACION SOBRE PRIMERA RESPUESTA EN INCENDIO FORESTALES<\/strong> (te\u00f3rica-practica)\u201d, a cargo del Subcomisario Luciano GENERO jefe Bombero Zapadores de Vera, junto a dependientes,\u00a0 dirigido a efectivos de las Dependencias Policiales del norte del departamento.<\/p>\n<p>En esta capacitaci\u00f3n se expuso en forma te\u00f3rica: Medidas de seguridad y condiciones a tener en cuenta ante un incendio de pastizales o forestal; elementos de seguridad y herramientas \u00a0a los fines de \u00a0sofocar incendios incipientes en banquinas y predios privados; evaluar y reconocer cuando un hecho de esta naturaleza, requiera la intervenci\u00f3n de Bomberos, etc.; \u00a0consisti\u00f3 adem\u00e1s en\u00a0 una parte pr\u00e1ctica, en la que se instruyo\u00a0 el manejo de las herramientas t\u00e1cticas y t\u00e9cnicas\u00a0 a los fines de utilizarlos\u00a0 eficientemente.<\/p>\n<p>Iniciativa de la jornada de capacitaci\u00f3n surgi\u00f3\u00a0 ya que en el corredor de la ruta provincial 3, espec\u00edficamente entre las localidades\u00a0 de Garabato a\u00a0 Los Amores (distantes 70 y 140 km respectivamente de la ciudad de Vera), no se cuenta con cuarteles o dotaciones de bomberos Zapadores ni voluntarios y la primera respuesta o intervenci\u00f3n es por parte del personal policial de la jurisdicci\u00f3n, generalmente con la colaboraci\u00f3n de empleados comunales y vecinos.<\/p>\n","protected":false},"excerpt":{"rendered":"<p>En\u00a0 fecha 15 de Febrero, en la localidad de Intiyaco, se desarroll\u00f3 la \u201cJORNADA CAPACITACION SOBRE PRIMERA RESPUESTA EN INCENDIO FORESTALES (te\u00f3rica-practica)\u201d, a cargo del Subcomisario Luciano GENERO jefe Bombero Zapadores de Vera, junto a dependientes,\u00a0 dirigido a efectivos de las Dependencias Policiales del norte del departamento. En esta capacitaci\u00f3n se expuso en forma te\u00f3rica: [&hellip;]<\/p>\n","protected":false},"author":3,"featured_media":31709,"comment_status":"closed","ping_status":"closed","sticky":false,"template":"","format":"standard","meta":{"_joinchat":[],"footnotes":""},"categories":[51],"tags":[],"class_list":{"0":"post-31706","1":"post","2":"type-post","3":"status-publish","4":"format-standard","5":"has-post-thumbnail","7":"category-locales"},"_links":{"self":[{"href":"https:\/\/infovera.com.ar\/web\/wp-json\/wp\/v2\/posts\/31706","targetHints":{"allow":["GET"]}}],"collection":[{"href":"https:\/\/infovera.com.ar\/web\/wp-json\/wp\/v2\/posts"}],"about":[{"href":"https:\/\/infovera.com.ar\/web\/wp-json\/wp\/v2\/types\/post"}],"author":[{"embeddable":true,"href":"https:\/\/infovera.com.ar\/web\/wp-json\/wp\/v2\/users\/3"}],"replies":[{"embeddable":true,"href":"https:\/\/infovera.com.ar\/web\/wp-json\/wp\/v2\/comments?post=31706"}],"version-history":[{"count":0,"href":"https:\/\/infovera.com.ar\/web\/wp-json\/wp\/v2\/posts\/31706\/revisions"}],"wp:featuredmedia":[{"embeddable":true,"href":"https:\/\/infovera.com.ar\/web\/wp-json\/wp\/v2\/media\/31709"}],"wp:attachment":[{"href":"https:\/\/infovera.com.ar\/web\/wp-json\/wp\/v2\/media?parent=31706"}],"wp:term":[{"taxonomy":"category","embeddable":true,"href":"https:\/\/infovera.com.ar\/web\/wp-json\/wp\/v2\/categories?post=31706"},{"taxonomy":"post_tag","embeddable":true,"href":"https:\/\/infovera.com.ar\/web\/wp-json\/wp\/v2\/tags?post=31706"}],"curies":[{"name":"wp","href":"https:\/\/api.w.org\/{rel}","templated":true}]}}