{"id":31683,"date":"2022-02-15T13:36:21","date_gmt":"2022-02-15T16:36:21","guid":{"rendered":"https:\/\/infovera.com.ar\/web\/?p=31683"},"modified":"2022-02-15T13:36:21","modified_gmt":"2022-02-15T16:36:21","slug":"policia-detuvo-a-jovenes-que-transitaban-a-gran-velocidad-y-con-la-musica-a-todo-volumen","status":"publish","type":"post","link":"https:\/\/infovera.com.ar\/web\/2022\/02\/15\/policia-detuvo-a-jovenes-que-transitaban-a-gran-velocidad-y-con-la-musica-a-todo-volumen\/","title":{"rendered":"Polic\u00eda detuvo a jovenes que transitaban a gran velocidad y con la m\u00fasica a todo volumen"},"content":{"rendered":"<p>Personal de la Secci\u00f3n Comando Radioel\u00e9ctrico, en circunstancias de encontrarse efectuando patrullajes en prevenci\u00f3n de il\u00edcitos y\/o contravenciones; son alertados sobre la presencia de un autom\u00f3vil que circulaba a gran velocidad con la m\u00fasica a gran volumen siendo de riesgo para ocasionales transe\u00fantes.<\/p>\n<p>Posteriormente, funcionarios policiales interceptan el veh\u00edculo en inmediaciones de calles Rivadavia y Corrientes de esta ciudad procediendo a detener su marcha, siendo un autom\u00f3vil FIAT 147, color blanco, conducido por un joven, mayor de edad, acompa\u00f1ado por cuatro masculinos, todos mayores de edad.<\/p>\n<p>Fueron trasladados a sede policial con veh\u00edculo a los fines de realizar diligencias correspondientes.<\/p>\n<p>Interviene UFI Nro 4- Vera<\/p>\n","protected":false},"excerpt":{"rendered":"<p>Personal de la Secci\u00f3n Comando Radioel\u00e9ctrico, en circunstancias de encontrarse efectuando patrullajes en prevenci\u00f3n de il\u00edcitos y\/o contravenciones; son alertados sobre la presencia de un autom\u00f3vil que circulaba a gran velocidad con la m\u00fasica a gran volumen siendo de riesgo para ocasionales transe\u00fantes. Posteriormente, funcionarios policiales interceptan el veh\u00edculo en inmediaciones de calles Rivadavia y [&hellip;]<\/p>\n","protected":false},"author":3,"featured_media":31684,"comment_status":"closed","ping_status":"closed","sticky":false,"template":"","format":"standard","meta":{"_joinchat":[],"footnotes":""},"categories":[51,30,53],"tags":[],"class_list":{"0":"post-31683","1":"post","2":"type-post","3":"status-publish","4":"format-standard","5":"has-post-thumbnail","7":"category-locales","8":"category-policiales","9":"category-vera"},"_links":{"self":[{"href":"https:\/\/infovera.com.ar\/web\/wp-json\/wp\/v2\/posts\/31683","targetHints":{"allow":["GET"]}}],"collection":[{"href":"https:\/\/infovera.com.ar\/web\/wp-json\/wp\/v2\/posts"}],"about":[{"href":"https:\/\/infovera.com.ar\/web\/wp-json\/wp\/v2\/types\/post"}],"author":[{"embeddable":true,"href":"https:\/\/infovera.com.ar\/web\/wp-json\/wp\/v2\/users\/3"}],"replies":[{"embeddable":true,"href":"https:\/\/infovera.com.ar\/web\/wp-json\/wp\/v2\/comments?post=31683"}],"version-history":[{"count":0,"href":"https:\/\/infovera.com.ar\/web\/wp-json\/wp\/v2\/posts\/31683\/revisions"}],"wp:featuredmedia":[{"embeddable":true,"href":"https:\/\/infovera.com.ar\/web\/wp-json\/wp\/v2\/media\/31684"}],"wp:attachment":[{"href":"https:\/\/infovera.com.ar\/web\/wp-json\/wp\/v2\/media?parent=31683"}],"wp:term":[{"taxonomy":"category","embeddable":true,"href":"https:\/\/infovera.com.ar\/web\/wp-json\/wp\/v2\/categories?post=31683"},{"taxonomy":"post_tag","embeddable":true,"href":"https:\/\/infovera.com.ar\/web\/wp-json\/wp\/v2\/tags?post=31683"}],"curies":[{"name":"wp","href":"https:\/\/api.w.org\/{rel}","templated":true}]}}