{"id":31600,"date":"2022-02-07T16:57:47","date_gmt":"2022-02-07T19:57:47","guid":{"rendered":"https:\/\/infovera.com.ar\/web\/?p=31600"},"modified":"2022-02-07T16:57:47","modified_gmt":"2022-02-07T19:57:47","slug":"murio-tras-chocar-contra-una-columna-de-alumbrado-del-ex-peaje","status":"publish","type":"post","link":"https:\/\/infovera.com.ar\/web\/2022\/02\/07\/murio-tras-chocar-contra-una-columna-de-alumbrado-del-ex-peaje\/","title":{"rendered":"Muri\u00f3 tras chocar contra una columna de alumbrado del ex peaje"},"content":{"rendered":"<p><strong>En la madrugada de hoy, personal policial trabaj\u00f3 en el ordenamiento del tr\u00e1nsito tras un accidente vial que por causas que se investigan perdi\u00f3 la vida J. C. Aguilar.<\/strong><\/p>\n<p>Agentes policiales que regresaban de un servicio en la ciudad de Vera,<br \/>\npor Ruta Nacional N\u00b011 km 778 observaron sobre la banquina una moto, al<br \/>\ndetener la marcha del m\u00f3vil y descender de la unidad, los efectivos<br \/>\ndivisaron al lado del birrodado un hombre mayor de edad tendido en el<br \/>\nsuelo.<\/p>\n<p>R\u00e1pidamente, los agentes solicitaron la unidad sanitaria al lugar, una vez arribado el personal m\u00e9dico actuante verific\u00f3 que el individuo no presentaba signos vitales. A su vez, el personal policial realizaba balizamiento de la zona y ordenamiento del tr\u00e1nsito para facilitar el trabajo en el lugar. La v\u00edctima impact\u00f3 chocar contra una columna de alumbrado de ex peaje Reconquista.<\/p>\n<p>Cabe mencionar que se hicieron presentes efectivos de la Agencia de<br \/>\nInvestigaci\u00f3n Criminal, quienes realizaron tareas espec\u00edficas en<br \/>\nrelaci\u00f3n al hecho.<\/p>\n<p>Al finalizar con las tareas de rigor, cerca de las 02:30 de la madrugada<br \/>\nlos uniformados culminaron con el ordenamiento de tr\u00e1nsito, quedando la<br \/>\ncalzada liberada y con normal tr\u00e1nsito de veh\u00edculos.<\/p>\n","protected":false},"excerpt":{"rendered":"<p>En la madrugada de hoy, personal policial trabaj\u00f3 en el ordenamiento del tr\u00e1nsito tras un accidente vial que por causas que se investigan perdi\u00f3 la vida J. C. Aguilar. Agentes policiales que regresaban de un servicio en la ciudad de Vera, por Ruta Nacional N\u00b011 km 778 observaron sobre la banquina una moto, al detener [&hellip;]<\/p>\n","protected":false},"author":3,"featured_media":31601,"comment_status":"closed","ping_status":"closed","sticky":false,"template":"","format":"standard","meta":{"_joinchat":[],"footnotes":""},"categories":[30,55],"tags":[],"class_list":{"0":"post-31600","1":"post","2":"type-post","3":"status-publish","4":"format-standard","5":"has-post-thumbnail","7":"category-policiales","8":"category-reconquista"},"_links":{"self":[{"href":"https:\/\/infovera.com.ar\/web\/wp-json\/wp\/v2\/posts\/31600","targetHints":{"allow":["GET"]}}],"collection":[{"href":"https:\/\/infovera.com.ar\/web\/wp-json\/wp\/v2\/posts"}],"about":[{"href":"https:\/\/infovera.com.ar\/web\/wp-json\/wp\/v2\/types\/post"}],"author":[{"embeddable":true,"href":"https:\/\/infovera.com.ar\/web\/wp-json\/wp\/v2\/users\/3"}],"replies":[{"embeddable":true,"href":"https:\/\/infovera.com.ar\/web\/wp-json\/wp\/v2\/comments?post=31600"}],"version-history":[{"count":0,"href":"https:\/\/infovera.com.ar\/web\/wp-json\/wp\/v2\/posts\/31600\/revisions"}],"wp:featuredmedia":[{"embeddable":true,"href":"https:\/\/infovera.com.ar\/web\/wp-json\/wp\/v2\/media\/31601"}],"wp:attachment":[{"href":"https:\/\/infovera.com.ar\/web\/wp-json\/wp\/v2\/media?parent=31600"}],"wp:term":[{"taxonomy":"category","embeddable":true,"href":"https:\/\/infovera.com.ar\/web\/wp-json\/wp\/v2\/categories?post=31600"},{"taxonomy":"post_tag","embeddable":true,"href":"https:\/\/infovera.com.ar\/web\/wp-json\/wp\/v2\/tags?post=31600"}],"curies":[{"name":"wp","href":"https:\/\/api.w.org\/{rel}","templated":true}]}}