{"id":31593,"date":"2022-02-07T13:39:53","date_gmt":"2022-02-07T16:39:53","guid":{"rendered":"https:\/\/infovera.com.ar\/web\/?p=31593"},"modified":"2022-02-11T10:22:13","modified_gmt":"2022-02-11T13:22:13","slug":"juez-alurralde-hablan-de-droga-envenenada-pero-la-droga-es-veneno","status":"publish","type":"post","link":"https:\/\/infovera.com.ar\/web\/2022\/02\/07\/juez-alurralde-hablan-de-droga-envenenada-pero-la-droga-es-veneno\/","title":{"rendered":"Juez Alurralde: \u201cHablan de droga envenenada pero la droga es veneno\u201d"},"content":{"rendered":"<p><strong>El magistrado federal critic\u00f3 el tratamiento del caso que cobr\u00f3 la vida de 24 personas en GBA. Breg\u00f3 por un abordaje intersectorial de este flagelo social. Y pidi\u00f3 a la sociedad que delate a los vendedores.<\/strong><\/p>\n<p>El juez federal de Reconquista, Dr. Aldo Mario Alurralde, se refiri\u00f3 al caso de la coca\u00edna adulterada que caus\u00f3 24 muertes en el Gran Buenos Aires y critic\u00f3 el enfoque medi\u00e1tico que adquiri\u00f3 esta tragedia: \u201cA m\u00ed me gusta la precisi\u00f3n en los t\u00e9rminos, me refiero a lo que sale en muchos medios que hablan de droga envenenada, pero la droga es veneno\u201d<\/p>\n<p>El titular del fuero nacional con jurisdicci\u00f3n en el norte santafesino, afirm\u00f3 al respecto que \u201csi usted va a la definici\u00f3n de la Real Academia Espa\u00f1ola veneno es la sustancia que introducida en un ser vivo es capaz de producir graves alteraciones funcionales en inclusive la muerte. \u00bfAcaso, la coca\u00edna, aunque sea de m\u00e1xima pureza, no ocasiona graves alteraciones funcionales? S\u00ed, la ocasiona, entonces m\u00e1s que droga envenenada es el veneno envenenado\u201d. Sobre el punto fue m\u00e1s que claro: \u201cNo es una sustancia pura que de golpe se la envenena, sino que es veneno al que se le agrega m\u00e1s veneno\u201d.<\/p>\n<p>El funcionario judicial sostuvo la importancia de se\u00f1alar esa realidad para \u201cno dar lugar a aquellas teor\u00edas o aquellos ide\u00f3logos de la liberaci\u00f3n del consumo, sobre todo de este tipo de sustancias que ya vemos los efectos\u201d. \u00a0\u201cPor m\u00e1s que sea de la m\u00e1xima pureza el veneno no deja de ser veneno, independientemente de la sustancia que le agregue y si se le agrega o no una sustancia\u201d, asegur\u00f3.<\/p>\n<p>Luego, expuso que, en el norte provincial, donde tiene su competencia judicial, \u201chemos visto como procedimiento de estiramiento de la droga la utilizaci\u00f3n de ansiol\u00edticos, antidepresivos, hemos tenido casos de hasta de uso de veneno para ratas, de vidrios molidos de tubos fluorescentes\u201d.<\/p>\n<p>Es decir, prosigui\u00f3, que hay muchas sustancias que se han encontrado en muchos procedimientos y \u201ca nosotros nos sirve porque nos indica si la droga tiene una finalidad inequ\u00edvoca de comercializaci\u00f3n. Esto porque si alguien que manifiesta que es adicto tiene droga en su casa no la va a estirar para consumir, salvando las diferencias eso es como comprar un buen vino y agregarle agua para estirarlo m\u00e1s\u201d.<\/p>\n<p>\u201cPero as\u00ed sea estirada con agregado de productos o no agregado, es veneno. Esa es la primera definici\u00f3n que tenemos que tener en claro\u201d, puntualiz\u00f3.<\/p>\n<p><strong>Par\u00e1metro <\/strong><\/p>\n<p>El Dr. Alurralde estim\u00f3 que por lo ocurrido en GBA el tema adquiri\u00f3 relevancia porque \u201ccomo han sido casos terminales en un breve per\u00edodo de tiempo, el adicto alcanza a delatar qui\u00e9n le vende, pero eso no es la generalidad. Ac\u00e1 ning\u00fan adicto viene y nos dice \u2018a m\u00ed me est\u00e1 vendiendo fulano de tal\u2019. Y no contabilizamos a aquellas personas a las que la droga las ha matado lentamente, porque no existen ese tipo de estad\u00edsticas, porque no surgen informes tampoco de los efectores p\u00fablicos, sobre todo de salud, de personas que ingresan con crisis producto de las adicciones\u201d.<\/p>\n<p>Entonces, esa es la realidad con la cual se trabaja, lament\u00f3, y reflexion\u00f3 que, por eso, m\u00e1s all\u00e1 de que llegue a esta zona droga con fentanilo o con sustancias que puedan ocasionar la muerte, el \u201cproblema real es que llegue la droga, ese el par\u00e1metro que tenemos que tener en cuenta\u201d.<\/p>\n<p>El magistrado dijo que es bueno tener en cuenta el trabajo previo de la justicia federal y las fuerzas de seguridad para que ello no ocurra, pero tambi\u00e9n es importante la reacci\u00f3n de la sociedad: \u201cLamentablemente, el tema excede a la opini\u00f3n p\u00fablica y eso hace que se instale, pero nosotros hace 11 a\u00f1os que venimos hablando de esto y pidiendo que se aborde desde toda la sociedad en su conjunto, desde todos los sectores. No solamente desde el Poder Judicial o del sector prevencional, sino de todos los sectores\u201d.<\/p>\n<p>Por \u00faltimo, dej\u00f3 un mensaje para la comunidad: \u201cSiempre refiero a no hacer ciudades amigables con la droga, eso significa a que se denuncie, a que se avise, se delate, a que se ponga en evidencia a quien est\u00e1 trayendo el veneno a nuestra zona\u201d.<\/p>\n<div class=\"wp-playlist wp-audio-playlist wp-playlist-light\">\n\t\t\t<div class=\"wp-playlist-current-item\"><\/div>\n\t\t<audio controls=\"controls\" preload=\"none\" width=\"674\"\n\t\t\t><\/audio>\n\t<div class=\"wp-playlist-next\"><\/div>\n\t<div class=\"wp-playlist-prev\"><\/div>\n\t<noscript>\n\t<ol>\n\t\t<li><a href='https:\/\/infovera.com.ar\/web\/wp-content\/uploads\/2022\/02\/07-LUNES-JUEZ-FEDERAL-ALDO-ALURRALDE-EDITADO.mp3'>07 - LUNES - JUEZ FEDERAL - DR. ALDO ALURRALDE -<\/a><\/li>\t<\/ol>\n\t<\/noscript>\n\t<script type=\"application\/json\" class=\"wp-playlist-script\">{\"type\":\"audio\",\"tracklist\":true,\"tracknumbers\":true,\"images\":true,\"artists\":true,\"tracks\":[{\"src\":\"https:\/\/infovera.com.ar\/web\/wp-content\/uploads\/2022\/02\/07-LUNES-JUEZ-FEDERAL-ALDO-ALURRALDE-EDITADO.mp3\",\"type\":\"audio\/mpeg\",\"title\":\"07 - LUNES - JUEZ FEDERAL - DR. ALDO ALURRALDE -\",\"caption\":\"\",\"description\":\"\\\"07 - LUNES - JUEZ FEDERAL - ALDO ALURRALDE - EDITADO\\\". Lanzamiento: 2022. G\\u00e9nero: Blues.\",\"meta\":{\"genre\":\"Blues\",\"year\":\"2022\",\"length_formatted\":\"7:34\"},\"image\":{\"src\":\"https:\/\/infovera.com.ar\/web\/wp-includes\/images\/media\/audio.svg\",\"width\":48,\"height\":64},\"thumb\":{\"src\":\"https:\/\/infovera.com.ar\/web\/wp-includes\/images\/media\/audio.svg\",\"width\":48,\"height\":64}}]}<\/script>\n<\/div>\n\t\n","protected":false},"excerpt":{"rendered":"<p>El magistrado federal critic\u00f3 el tratamiento del caso que cobr\u00f3 la vida de 24 personas en GBA. Breg\u00f3 por un abordaje intersectorial de este flagelo social. Y pidi\u00f3 a la sociedad que delate a los vendedores. El juez federal de Reconquista, Dr. Aldo Mario Alurralde, se refiri\u00f3 al caso de la coca\u00edna adulterada que caus\u00f3 [&hellip;]<\/p>\n","protected":false},"author":3,"featured_media":31595,"comment_status":"closed","ping_status":"closed","sticky":false,"template":"","format":"standard","meta":{"_joinchat":[],"footnotes":""},"categories":[55],"tags":[],"class_list":{"0":"post-31593","1":"post","2":"type-post","3":"status-publish","4":"format-standard","5":"has-post-thumbnail","7":"category-reconquista"},"_links":{"self":[{"href":"https:\/\/infovera.com.ar\/web\/wp-json\/wp\/v2\/posts\/31593","targetHints":{"allow":["GET"]}}],"collection":[{"href":"https:\/\/infovera.com.ar\/web\/wp-json\/wp\/v2\/posts"}],"about":[{"href":"https:\/\/infovera.com.ar\/web\/wp-json\/wp\/v2\/types\/post"}],"author":[{"embeddable":true,"href":"https:\/\/infovera.com.ar\/web\/wp-json\/wp\/v2\/users\/3"}],"replies":[{"embeddable":true,"href":"https:\/\/infovera.com.ar\/web\/wp-json\/wp\/v2\/comments?post=31593"}],"version-history":[{"count":0,"href":"https:\/\/infovera.com.ar\/web\/wp-json\/wp\/v2\/posts\/31593\/revisions"}],"wp:featuredmedia":[{"embeddable":true,"href":"https:\/\/infovera.com.ar\/web\/wp-json\/wp\/v2\/media\/31595"}],"wp:attachment":[{"href":"https:\/\/infovera.com.ar\/web\/wp-json\/wp\/v2\/media?parent=31593"}],"wp:term":[{"taxonomy":"category","embeddable":true,"href":"https:\/\/infovera.com.ar\/web\/wp-json\/wp\/v2\/categories?post=31593"},{"taxonomy":"post_tag","embeddable":true,"href":"https:\/\/infovera.com.ar\/web\/wp-json\/wp\/v2\/tags?post=31593"}],"curies":[{"name":"wp","href":"https:\/\/api.w.org\/{rel}","templated":true}]}}