{"id":31591,"date":"2022-02-07T13:41:22","date_gmt":"2022-02-07T16:41:22","guid":{"rendered":"https:\/\/infovera.com.ar\/web\/?p=31591"},"modified":"2022-02-11T10:21:24","modified_gmt":"2022-02-11T13:21:24","slug":"anunciaron-el-orden-de-salida-de-las-comparsas-verenses","status":"publish","type":"post","link":"https:\/\/infovera.com.ar\/web\/2022\/02\/07\/anunciaron-el-orden-de-salida-de-las-comparsas-verenses\/","title":{"rendered":"Anunciaron el orden de salida de las comparsas verenses"},"content":{"rendered":"<p>La Municipalidad de Vera anunci\u00f3 a trav\u00e9s de las redes sociales, el orden de salida de las comparsas para las tres noches de carnaval.<\/p>\n<p>&nbsp;<\/p>\n<p>A\u00fan no trascendi\u00f3 el precio de las entradas aunque estiman que rondar\u00eda los $500, ni el horario del inicio. Lo que s\u00ed est\u00e1 a la vista es que no habr\u00e1 noche gratuita por primera vez en mucho tiempo.<\/p>\n<p>&nbsp;<\/p>\n<p>El orden es el siguiente:<\/p>\n<p>&nbsp;<\/p>\n<p>S\u00e1bado 26\/02<\/p>\n<p>1- Aerosamba<\/p>\n<p>2- Ferrumba<\/p>\n<p>3- Verasamba<\/p>\n<p>4- Unidos del Samba<\/p>\n<p>5- Bambita<\/p>\n<p>6- Paraver\u00e1<\/p>\n<p>&nbsp;<\/p>\n<p>Domingo 27\/02<\/p>\n<p>1- Paraver\u00e1<\/p>\n<p>2- Aerosamba<\/p>\n<p>3- Ferrumb\u00e1<\/p>\n<p>4- Verasamba<\/p>\n<p>5- Unidos del Samba<\/p>\n<p>6- Bambita<\/p>\n<p>&nbsp;<\/p>\n<p>Cierre S\u00e1bado 05\/03<\/p>\n<p>1- Bambita<\/p>\n<p>2- Paraver\u00e1<\/p>\n<p>3- Aerosamba<\/p>\n<p>4- Ferrumb\u00e1<\/p>\n<p>5- Verasamba<\/p>\n<p>6- Unidos del Samba<\/p>\n<p>&nbsp;<\/p>\n","protected":false},"excerpt":{"rendered":"<p>La Municipalidad de Vera anunci\u00f3 a trav\u00e9s de las redes sociales, el orden de salida de las comparsas para las tres noches de carnaval. &nbsp; A\u00fan no trascendi\u00f3 el precio de las entradas aunque estiman que rondar\u00eda los $500, ni el horario del inicio. Lo que s\u00ed est\u00e1 a la vista es que no habr\u00e1 [&hellip;]<\/p>\n","protected":false},"author":3,"featured_media":30645,"comment_status":"closed","ping_status":"closed","sticky":false,"template":"","format":"standard","meta":{"_joinchat":[],"footnotes":""},"categories":[53],"tags":[],"class_list":{"0":"post-31591","1":"post","2":"type-post","3":"status-publish","4":"format-standard","5":"has-post-thumbnail","7":"category-vera"},"_links":{"self":[{"href":"https:\/\/infovera.com.ar\/web\/wp-json\/wp\/v2\/posts\/31591","targetHints":{"allow":["GET"]}}],"collection":[{"href":"https:\/\/infovera.com.ar\/web\/wp-json\/wp\/v2\/posts"}],"about":[{"href":"https:\/\/infovera.com.ar\/web\/wp-json\/wp\/v2\/types\/post"}],"author":[{"embeddable":true,"href":"https:\/\/infovera.com.ar\/web\/wp-json\/wp\/v2\/users\/3"}],"replies":[{"embeddable":true,"href":"https:\/\/infovera.com.ar\/web\/wp-json\/wp\/v2\/comments?post=31591"}],"version-history":[{"count":0,"href":"https:\/\/infovera.com.ar\/web\/wp-json\/wp\/v2\/posts\/31591\/revisions"}],"wp:featuredmedia":[{"embeddable":true,"href":"https:\/\/infovera.com.ar\/web\/wp-json\/wp\/v2\/media\/30645"}],"wp:attachment":[{"href":"https:\/\/infovera.com.ar\/web\/wp-json\/wp\/v2\/media?parent=31591"}],"wp:term":[{"taxonomy":"category","embeddable":true,"href":"https:\/\/infovera.com.ar\/web\/wp-json\/wp\/v2\/categories?post=31591"},{"taxonomy":"post_tag","embeddable":true,"href":"https:\/\/infovera.com.ar\/web\/wp-json\/wp\/v2\/tags?post=31591"}],"curies":[{"name":"wp","href":"https:\/\/api.w.org\/{rel}","templated":true}]}}