{"id":31588,"date":"2022-02-07T10:04:23","date_gmt":"2022-02-07T13:04:23","guid":{"rendered":"https:\/\/infovera.com.ar\/web\/?p=31588"},"modified":"2022-02-07T10:04:23","modified_gmt":"2022-02-07T13:04:23","slug":"crece-el-empleo-privado-en-santa-fe","status":"publish","type":"post","link":"https:\/\/infovera.com.ar\/web\/2022\/02\/07\/crece-el-empleo-privado-en-santa-fe\/","title":{"rendered":"Crece el empleo privado en Santa Fe"},"content":{"rendered":"<p>En la provincia de Santa Fe, el total de trabajadores asalariados registrados en el sector privado correspondiente a noviembre de 2021 se expandi\u00f3 3,9% en relaci\u00f3n al mismo mes del a\u00f1o anterior (2020), lo que represent\u00f3 una recuperaci\u00f3n de pr\u00e1cticamente 19.000 puestos de trabajo.<\/p>\n<p>&nbsp;<\/p>\n<p>Este aumento en la cantidad de trabajadores registrados supera al observado en el orden nacional, situaci\u00f3n que se verifica desde inicios del a\u00f1o 2021. Seg\u00fan datos del Ministerio de Trabajo, Empleo y Seguridad Social de la Naci\u00f3n, en la provincia de Santa Fe, el empleo privado creci\u00f3 en los \u00faltimos diecisiete meses y actualmente se ubica en 2,8% por encima de los registros previos al inicio de la pandemia.<\/p>\n<p>&nbsp;<\/p>\n<p>Desde esta perspectiva, Santa Fe es la jurisdicci\u00f3n del pa\u00eds que<\/p>\n<p>presenta los mejores \u00edndices nacionales de ampliaci\u00f3n de puestos laborales, que incluso creci\u00f3 en cantidad de trabajadores en los meses previos a la irrupci\u00f3n de la pandemia.<\/p>\n<p>&nbsp;<\/p>\n<p>D\u00edas atr\u00e1s, el ministro de Producci\u00f3n, Ciencia y Tecnolog\u00eda de la provincia, Daniel Costamagna, asegur\u00f3 que Santa Fe \u201cno s\u00f3lo est\u00e1 por encima de la media nacional en cuanto al crecimiento del sector industrial sino, tambi\u00e9n, en la generaci\u00f3n de empleo formal\u201d.<\/p>\n<p>&nbsp;<\/p>\n<p>\u201cHay un crecimiento continuo de la actividad econ\u00f3mica, incluso con previsiones para 2022 similares a 2021. Este crecimiento tiene que ver con una suba de m\u00e1s de un 20% acumulado en un mismo per\u00edodo en el \u00faltimo a\u00f1o. Si bien hubo sectores que lideraron y traccionaron ese crecimiento, hay otros que, como en el caso de la indumentaria, ha crecido m\u00e1s del 50%&#8221;, explic\u00f3 el funcionario.<\/p>\n<p>&nbsp;<\/p>\n<p>Exportaciones, financiamiento e inversiones<\/p>\n<p>Asimismo, el titular de la cartera productiva destac\u00f3 que \u201ctambi\u00e9n hay un incremento en las exportaciones en un porcentaje superior al de la actividad econ\u00f3mica, seg\u00fan el Instituto Provincial de Estad\u00edsticas y Censos (IPEC), alrededor de un 50%, lo cual las ubica al tope de los \u00faltimos siete a\u00f1os. Es decir, 2021 fue el a\u00f1o en el que m\u00e1s se export\u00f3 en los \u00faltimos siete a\u00f1os. Este crecimiento se da porque hay cada vez m\u00e1s pymes que exportan, un aumento de la exportaci\u00f3n de valor agregado y un desarrollo de los procesos tecnol\u00f3gicos que dan mayor competitividad de nuestras empresas en los mercados internacionales. Y estos aspectos son clave en la pol\u00edtica de comercio exterior que lleva adelante el gobernador Omar Perotti\u201d, remarc\u00f3.<\/p>\n<p>&nbsp;<\/p>\n<p>\u201cEste crecimiento no es coyuntural, -agreg\u00f3 el ministro-, sino que est\u00e1 sustentado en una articulaci\u00f3n permanente con los ministerios nacionales de Agricultura, Ganader\u00eda y Pesca, y de Desarrollo Productivo, que brindan su acompa\u00f1amiento en un esquema de financiamiento y de inversiones que es realmente importante\u201d, concluy\u00f3 Costamagna.<\/p>\n<p>&nbsp;<\/p>\n<p>Santa Fe empuja<\/p>\n<p>Seg\u00fan datos de la Encuesta de Indicadores Laborales del Ministerio de Trabajo de la Naci\u00f3n, en Argentina el empleo privado registrado trep\u00f3 0,4 por ciento en noviembre y en un a\u00f1o la mejora llega al 1,4 por ciento. En el informe se destac\u00f3 que, en comparaci\u00f3n con los meses de noviembre de a\u00f1os anteriores, hay que remontarse a 2013 para encontrar un incremento mensual del empleo de igual magnitud que el actual.<\/p>\n<p>&nbsp;<\/p>\n<p>En ese sentido, el ministro de Trabajo de la provincia, Juan Manuel Pusineri, dijo que hasta septiembre de 2021 Santa Fe contaba con 493.082 trabajadores registrados, un dato que indicaba una mejora en relaci\u00f3n a los 477.082 del mismo mes del a\u00f1o pasado.<\/p>\n<p>&nbsp;<\/p>\n<p>Tambi\u00e9n, destac\u00f3 que los sectores que est\u00e1n impulsando el empleo, tanto en Gran Rosario como en el Gran Santa Fe, son la Construcci\u00f3n y la Industria Manufacturera. De acuerdo a la Encuesta de Indicadores Laborales (actualizada a octubre), el Gran Rosario mostraba el segundo mejor nivel de recuperaci\u00f3n interanual de empleo, en empresas privadas con m\u00e1s de 10 empleados.<\/p>\n<p>&nbsp;<\/p>\n<p>&nbsp;<\/p>\n","protected":false},"excerpt":{"rendered":"<p>En la provincia de Santa Fe, el total de trabajadores asalariados registrados en el sector privado correspondiente a noviembre de 2021 se expandi\u00f3 3,9% en relaci\u00f3n al mismo mes del a\u00f1o anterior (2020), lo que represent\u00f3 una recuperaci\u00f3n de pr\u00e1cticamente 19.000 puestos de trabajo. &nbsp; Este aumento en la cantidad de trabajadores registrados supera al [&hellip;]<\/p>\n","protected":false},"author":3,"featured_media":31590,"comment_status":"closed","ping_status":"closed","sticky":false,"template":"","format":"standard","meta":{"_joinchat":[],"footnotes":""},"categories":[60],"tags":[],"class_list":{"0":"post-31588","1":"post","2":"type-post","3":"status-publish","4":"format-standard","5":"has-post-thumbnail","7":"category-provinciales"},"_links":{"self":[{"href":"https:\/\/infovera.com.ar\/web\/wp-json\/wp\/v2\/posts\/31588","targetHints":{"allow":["GET"]}}],"collection":[{"href":"https:\/\/infovera.com.ar\/web\/wp-json\/wp\/v2\/posts"}],"about":[{"href":"https:\/\/infovera.com.ar\/web\/wp-json\/wp\/v2\/types\/post"}],"author":[{"embeddable":true,"href":"https:\/\/infovera.com.ar\/web\/wp-json\/wp\/v2\/users\/3"}],"replies":[{"embeddable":true,"href":"https:\/\/infovera.com.ar\/web\/wp-json\/wp\/v2\/comments?post=31588"}],"version-history":[{"count":0,"href":"https:\/\/infovera.com.ar\/web\/wp-json\/wp\/v2\/posts\/31588\/revisions"}],"wp:featuredmedia":[{"embeddable":true,"href":"https:\/\/infovera.com.ar\/web\/wp-json\/wp\/v2\/media\/31590"}],"wp:attachment":[{"href":"https:\/\/infovera.com.ar\/web\/wp-json\/wp\/v2\/media?parent=31588"}],"wp:term":[{"taxonomy":"category","embeddable":true,"href":"https:\/\/infovera.com.ar\/web\/wp-json\/wp\/v2\/categories?post=31588"},{"taxonomy":"post_tag","embeddable":true,"href":"https:\/\/infovera.com.ar\/web\/wp-json\/wp\/v2\/tags?post=31588"}],"curies":[{"name":"wp","href":"https:\/\/api.w.org\/{rel}","templated":true}]}}