{"id":31570,"date":"2022-02-06T18:54:55","date_gmt":"2022-02-06T21:54:55","guid":{"rendered":"https:\/\/infovera.com.ar\/web\/?p=31570"},"modified":"2022-02-06T18:54:55","modified_gmt":"2022-02-06T21:54:55","slug":"continuan-los-operativos-de-control-vehicular-en-distintos-puntos-del-departamento-vera","status":"publish","type":"post","link":"https:\/\/infovera.com.ar\/web\/2022\/02\/06\/continuan-los-operativos-de-control-vehicular-en-distintos-puntos-del-departamento-vera\/","title":{"rendered":"Contin\u00faan los operativos de control vehicular en distintos puntos del Departamento Vera"},"content":{"rendered":"<p>Por orden del Jefe de URXIX, Sub. Director Omar DUARTE durante fin de semana (04\/02\/2022 al 06\/02\/2022) se realizan diferentes operativos de control vehicular a los fines de incrementar la Prevenci\u00f3n, Seguridad y Educaci\u00f3n Vial en diferentes rutas que se hallan trazadas en el \u00e1mbito del departamento Vera.<\/p>\n<p>Los operativos son efectuados en distintos horarios asignados a las dependencias (comisarias, subcomisarias, etc) mediante Orden Operacional, con conocimiento y autorizaci\u00f3n de la Jefatura de Polic\u00eda de la Provincia;<\/p>\n<p>\u00c9stos tambi\u00e9n se llevan a cabo en intersecciones de zonas urbanas y suburbanas conforme a la diagramaci\u00f3n de la divisi\u00f3n operaciones Policiales URXIX,\u00a0 la funci\u00f3n del trabajo policial es prevenir, disuadir, desalentar y actuar ante cualquier tipo de conducta il\u00edcita y\/o contravenciones .-<\/p>\n","protected":false},"excerpt":{"rendered":"<p>Por orden del Jefe de URXIX, Sub. Director Omar DUARTE durante fin de semana (04\/02\/2022 al 06\/02\/2022) se realizan diferentes operativos de control vehicular a los fines de incrementar la Prevenci\u00f3n, Seguridad y Educaci\u00f3n Vial en diferentes rutas que se hallan trazadas en el \u00e1mbito del departamento Vera. Los operativos son efectuados en distintos horarios [&hellip;]<\/p>\n","protected":false},"author":3,"featured_media":31571,"comment_status":"closed","ping_status":"closed","sticky":false,"template":"","format":"standard","meta":{"_joinchat":[],"footnotes":""},"categories":[30],"tags":[],"class_list":{"0":"post-31570","1":"post","2":"type-post","3":"status-publish","4":"format-standard","5":"has-post-thumbnail","7":"category-policiales"},"_links":{"self":[{"href":"https:\/\/infovera.com.ar\/web\/wp-json\/wp\/v2\/posts\/31570","targetHints":{"allow":["GET"]}}],"collection":[{"href":"https:\/\/infovera.com.ar\/web\/wp-json\/wp\/v2\/posts"}],"about":[{"href":"https:\/\/infovera.com.ar\/web\/wp-json\/wp\/v2\/types\/post"}],"author":[{"embeddable":true,"href":"https:\/\/infovera.com.ar\/web\/wp-json\/wp\/v2\/users\/3"}],"replies":[{"embeddable":true,"href":"https:\/\/infovera.com.ar\/web\/wp-json\/wp\/v2\/comments?post=31570"}],"version-history":[{"count":0,"href":"https:\/\/infovera.com.ar\/web\/wp-json\/wp\/v2\/posts\/31570\/revisions"}],"wp:featuredmedia":[{"embeddable":true,"href":"https:\/\/infovera.com.ar\/web\/wp-json\/wp\/v2\/media\/31571"}],"wp:attachment":[{"href":"https:\/\/infovera.com.ar\/web\/wp-json\/wp\/v2\/media?parent=31570"}],"wp:term":[{"taxonomy":"category","embeddable":true,"href":"https:\/\/infovera.com.ar\/web\/wp-json\/wp\/v2\/categories?post=31570"},{"taxonomy":"post_tag","embeddable":true,"href":"https:\/\/infovera.com.ar\/web\/wp-json\/wp\/v2\/tags?post=31570"}],"curies":[{"name":"wp","href":"https:\/\/api.w.org\/{rel}","templated":true}]}}