{"id":31541,"date":"2022-02-02T20:09:00","date_gmt":"2022-02-02T23:09:00","guid":{"rendered":"https:\/\/infovera.com.ar\/web\/?p=31541"},"modified":"2022-02-02T20:09:00","modified_gmt":"2022-02-02T23:09:00","slug":"atr-juventudes-el-gobierno-de-santa-fe-financiara-mas-de-mil-iniciativas-de-jovenes","status":"publish","type":"post","link":"https:\/\/infovera.com.ar\/web\/2022\/02\/02\/atr-juventudes-el-gobierno-de-santa-fe-financiara-mas-de-mil-iniciativas-de-jovenes\/","title":{"rendered":"ATR Juventudes: El Gobierno de Santa Fe financiar\u00e1 m\u00e1s de mil iniciativas de j\u00f3venes"},"content":{"rendered":"<p>El gobierno de Santa Fe dio a conocer los resultados de la convocatoria ATR destinada a j\u00f3venes de todo el territorio provincial. En total son 1.104 proyectos, correspondientes a m\u00e1s de 160 municipios y comunas: 576 pertenecientes a la l\u00ednea \u201cProyectos Participativos\u201d y 528 pertenecientes a emprendimientos \u201cImpulsate\u201d.<\/p>\n<p>&nbsp;<\/p>\n<p>El listado de proyectos seleccionados puede encontrarse aqu\u00ed. Los mismos ser\u00e1n financiados con un monto de hasta $70.000. El presupuesto total del programa es de $75.585.976, que corresponde a un aumento de alrededor del 100% con respecto a lo destinado en la convocatoria del 2020. En adici\u00f3n, este a\u00f1o participaron 2130 proyectos, m\u00e1s del doble de los que se presentaron el a\u00f1o anterior.<\/p>\n<p>&nbsp;<\/p>\n<p>Al respecto, la coordinadora de la Agencia ATR Juventudes, Milagros Monserrat, explic\u00f3 que &#8220;la diferencia fundamental es que este a\u00f1o tuvimos m\u00e1s de dos mil proyectos presentados, con respecto a los novecientos que recibimos el a\u00f1o pasado. Mil por cada l\u00ednea del programa, esto tiene que ver con que lanzamos esta nueva l\u00ednea, a la que llamamos Impulsate, para proyectos con fines de lucro -emprendimientos productivos- de grupos de j\u00f3venes&#8221;.<\/p>\n<p>&nbsp;<\/p>\n<p>&#8220;Por otro lado, el programa lleg\u00f3 a m\u00e1s de treinta nuevas localidades en comparaci\u00f3n a 2021, por lo que hoy recibimos proyectos de ATR de un total de 160 municipios y comunas de la provincia y eso nos pone muy felices&#8221;, agreg\u00f3 la funcionaria.<\/p>\n<p>&nbsp;<\/p>\n<p>ATR Proyectos participativos (Por m\u00e1s Autonom\u00eda, Territorialidad y Redes J\u00f3venes) busca impulsar las ideas de los y las j\u00f3venes de Santa Fe a trav\u00e9s de la financiaci\u00f3n de iniciativas que tengan como finalidad el impacto positivo de las juventudes de la provincia en sus comunidades. La selecci\u00f3n se realiz\u00f3 en base a un sistema de puntajes que inclu\u00eda las categor\u00edas: Originalidad; Impacto positivo en la comunidad donde se desarrolla y convivencia democr\u00e1tica; Perspectiva de g\u00e9nero y diversidades; Solidaridad; Asociativismo y redes J\u00f3venes; Fomento de la autonom\u00eda; Integraci\u00f3n intergeneracional, entre otras.<\/p>\n<p>&nbsp;<\/p>\n<p>Por su parte, Impulsate tiene como objetivo desarrollar acciones que ofrezcan el apoyo, orientaci\u00f3n e incentivo econ\u00f3mico necesario para desarrollar emprendimientos productivos por parte de grupos de j\u00f3venes. La selecci\u00f3n se realiz\u00f3 en base a un sistema de puntajes que inclu\u00eda las categor\u00edas: Innovaci\u00f3n Productiva y Tecnol\u00f3gica; Utilizaci\u00f3n de T\u00e9cnicas de Producci\u00f3n acordes con la Sustentabilidad Ambiental; Paridad en el equipo de trabajo; Contribuci\u00f3n al Desarrollo de la Econom\u00eda Local; Arraigo local y compromiso con las demandas vigentes; Fomento del Consumo Consciente (solidario colaborativo y ecol\u00f3gico); Fomento de la Independencia Econ\u00f3mica, entre otras.<\/p>\n<p>&nbsp;<\/p>\n<p>AGENCIA ATR JUVENTUDES<\/p>\n<p>&nbsp;<\/p>\n<p>A trav\u00e9s de la Agencia ATR Juventudes Santa Fe, el Gobierno de Santa Fe se encarga de generar pol\u00edticas p\u00fablicas transversales orientadas a los y las j\u00f3venes de la provincia de Santa Fe, haciendo foco en la articulaci\u00f3n interministerial, con la importancia de priorizar que las juventudes encuentren, con el acompa\u00f1amiento del Estado, las herramientas para desarrollar sus proyectos de vida, expresar sus ideas y construir sus sue\u00f1os.<\/p>\n<p>&nbsp;<\/p>\n<p>En este sentido, las pol\u00edticas p\u00fablicas est\u00e1n basadas en cuatro l\u00edneas fundamentales: Autonom\u00eda, Transformaci\u00f3n, Desarrollo y Territorialidad, buscando fortalecer la participaci\u00f3n de los y las j\u00f3venes en todo el proceso. Desde un enfoque transversal e integral, se trabaja en pos de darle perspectiva joven a las pol\u00edticas que piensen las distintas \u00e1reas de gobierno.<\/p>\n","protected":false},"excerpt":{"rendered":"<p>El gobierno de Santa Fe dio a conocer los resultados de la convocatoria ATR destinada a j\u00f3venes de todo el territorio provincial. En total son 1.104 proyectos, correspondientes a m\u00e1s de 160 municipios y comunas: 576 pertenecientes a la l\u00ednea \u201cProyectos Participativos\u201d y 528 pertenecientes a emprendimientos \u201cImpulsate\u201d. &nbsp; El listado de proyectos seleccionados puede [&hellip;]<\/p>\n","protected":false},"author":3,"featured_media":31542,"comment_status":"closed","ping_status":"closed","sticky":false,"template":"","format":"standard","meta":{"_joinchat":[],"footnotes":""},"categories":[60],"tags":[],"class_list":{"0":"post-31541","1":"post","2":"type-post","3":"status-publish","4":"format-standard","5":"has-post-thumbnail","7":"category-provinciales"},"_links":{"self":[{"href":"https:\/\/infovera.com.ar\/web\/wp-json\/wp\/v2\/posts\/31541","targetHints":{"allow":["GET"]}}],"collection":[{"href":"https:\/\/infovera.com.ar\/web\/wp-json\/wp\/v2\/posts"}],"about":[{"href":"https:\/\/infovera.com.ar\/web\/wp-json\/wp\/v2\/types\/post"}],"author":[{"embeddable":true,"href":"https:\/\/infovera.com.ar\/web\/wp-json\/wp\/v2\/users\/3"}],"replies":[{"embeddable":true,"href":"https:\/\/infovera.com.ar\/web\/wp-json\/wp\/v2\/comments?post=31541"}],"version-history":[{"count":0,"href":"https:\/\/infovera.com.ar\/web\/wp-json\/wp\/v2\/posts\/31541\/revisions"}],"wp:featuredmedia":[{"embeddable":true,"href":"https:\/\/infovera.com.ar\/web\/wp-json\/wp\/v2\/media\/31542"}],"wp:attachment":[{"href":"https:\/\/infovera.com.ar\/web\/wp-json\/wp\/v2\/media?parent=31541"}],"wp:term":[{"taxonomy":"category","embeddable":true,"href":"https:\/\/infovera.com.ar\/web\/wp-json\/wp\/v2\/categories?post=31541"},{"taxonomy":"post_tag","embeddable":true,"href":"https:\/\/infovera.com.ar\/web\/wp-json\/wp\/v2\/tags?post=31541"}],"curies":[{"name":"wp","href":"https:\/\/api.w.org\/{rel}","templated":true}]}}