{"id":31517,"date":"2022-02-02T18:46:12","date_gmt":"2022-02-02T21:46:12","guid":{"rendered":"https:\/\/infovera.com.ar\/web\/?p=31517"},"modified":"2022-02-07T16:51:46","modified_gmt":"2022-02-07T19:51:46","slug":"el-valor-y-la-templanza-de-un-policia-verense-que-aun-herido-socorrio-a-victimas-del-accidente","status":"publish","type":"post","link":"https:\/\/infovera.com.ar\/web\/2022\/02\/02\/el-valor-y-la-templanza-de-un-policia-verense-que-aun-herido-socorrio-a-victimas-del-accidente\/","title":{"rendered":"El valor y la templanza de un polic\u00eda verense que a\u00fan golpeado socorri\u00f3 a v\u00edctimas del accidente fatal"},"content":{"rendered":"<p><strong>Desde la Red de Mujeres Polic\u00edas de la provincia pusieron en valor el acto solidario del suboficial Ermelindo Rub\u00e9n Barbona, de Vera.<\/strong><\/p>\n<p>En primer lugar, desde el espacio lamentaron el fallecimiento de las tres personas en el accidente ocurrido a las 5:40 en la Ruta 11, jurisdicci\u00f3n de Margarita, y enviaron consuelo a su familia.<\/p>\n<p>Luego, destacaron la intervenci\u00f3n del Suboficial Ermelindo Rub\u00e9n Barbona, quien volv\u00eda de cumplir su turno de guardia en la ciudad de Santa fe y regresaba a su domicilio en la ciudad de Vera (realidad de muchos agentes de la instituci\u00f3n) quien cont\u00f3 en primera persona c\u00f3mo vivi\u00f3 lo sucedido.<\/p>\n<p>El polic\u00eda dijo que eran m\u00e1s o menos las 5 de la man\u0303ana en Ruta Nacional 11, en el Km 686 cuando sinti\u00f3 que el colectivo \u00e4guila Dorada en el cual estaba viajando para su casa, sufrri\u00f3 un impacto y se detuvo en la banquina.<\/p>\n<p><img loading=\"lazy\" decoding=\"async\" class=\"size-medium wp-image-31523 alignleft\" src=\"https:\/\/infovera.com.ar\/web\/wp-content\/uploads\/2022\/02\/barbona-249x300.png\" alt=\"\" width=\"249\" height=\"300\" srcset=\"https:\/\/infovera.com.ar\/web\/wp-content\/uploads\/2022\/02\/barbona-249x300.png 249w, https:\/\/infovera.com.ar\/web\/wp-content\/uploads\/2022\/02\/barbona-348x420.png 348w, https:\/\/infovera.com.ar\/web\/wp-content\/uploads\/2022\/02\/barbona.png 636w\" sizes=\"auto, (max-width: 249px) 100vw, 249px\" \/>Por lo que este numerario que presta servicios en el BOPP de la ciudad de Santa Fe, baj\u00f3 corriendo porque estaba sentado en el piso superior del micro, y socorri\u00f3 al chofer que estaba en estado de shock, y no pod\u00eda responder a sus preguntas, solo hac\u00eda sen\u0303as, ya que se encontraba con sus piernas atrapadas.<\/p>\n<p>Ruben intent\u00f3 saber c\u00f3mo pod\u00eda abrir la puerta del micro para hacer salir a los pasajeros, hasta que se dio cuenta donde estaba la traba y pudo abrirla, ayudando a las personas a salir.<\/p>\n<p>Tratando de pedir ayuda a las dependencias policiales m\u00e1s cercana via tel\u00e9fono y cuando pudo salir del colectivo, vi\u00f3 que el micro choc\u00f3 con un autom\u00f3vil Renault Clio que se estaba prendiendo fuego, por lo que corri\u00f3 para socorrer a la gente del auto, sacando el matafuegos del colectivo. Pero no pudo hacer nada. Logr\u00f3 comunicarse con bomberos de Vera, quienes acudieron minutos mas tarde al lugar y lo ayudaron a controlar la situacion.<\/p>\n<p>&#8220;Destacada labor del compa\u00f1ero quien sufri\u00f3 golpes por el impacto pero ello no lo limit\u00f3 en actuar con templanza y valor. Felicitaciones compa\u00f1ero&#8221;, resaltaron desde la Red.<\/p>\n","protected":false},"excerpt":{"rendered":"<p>Desde la Red de Mujeres Polic\u00edas de la provincia pusieron en valor el acto solidario del suboficial Ermelindo Rub\u00e9n Barbona, de Vera. En primer lugar, desde el espacio lamentaron el fallecimiento de las tres personas en el accidente ocurrido a las 5:40 en la Ruta 11, jurisdicci\u00f3n de Margarita, y enviaron consuelo a su familia. [&hellip;]<\/p>\n","protected":false},"author":3,"featured_media":31518,"comment_status":"closed","ping_status":"closed","sticky":false,"template":"","format":"standard","meta":{"_joinchat":[],"footnotes":""},"categories":[54],"tags":[],"class_list":{"0":"post-31517","1":"post","2":"type-post","3":"status-publish","4":"format-standard","5":"has-post-thumbnail","7":"category-margarita"},"_links":{"self":[{"href":"https:\/\/infovera.com.ar\/web\/wp-json\/wp\/v2\/posts\/31517","targetHints":{"allow":["GET"]}}],"collection":[{"href":"https:\/\/infovera.com.ar\/web\/wp-json\/wp\/v2\/posts"}],"about":[{"href":"https:\/\/infovera.com.ar\/web\/wp-json\/wp\/v2\/types\/post"}],"author":[{"embeddable":true,"href":"https:\/\/infovera.com.ar\/web\/wp-json\/wp\/v2\/users\/3"}],"replies":[{"embeddable":true,"href":"https:\/\/infovera.com.ar\/web\/wp-json\/wp\/v2\/comments?post=31517"}],"version-history":[{"count":0,"href":"https:\/\/infovera.com.ar\/web\/wp-json\/wp\/v2\/posts\/31517\/revisions"}],"wp:featuredmedia":[{"embeddable":true,"href":"https:\/\/infovera.com.ar\/web\/wp-json\/wp\/v2\/media\/31518"}],"wp:attachment":[{"href":"https:\/\/infovera.com.ar\/web\/wp-json\/wp\/v2\/media?parent=31517"}],"wp:term":[{"taxonomy":"category","embeddable":true,"href":"https:\/\/infovera.com.ar\/web\/wp-json\/wp\/v2\/categories?post=31517"},{"taxonomy":"post_tag","embeddable":true,"href":"https:\/\/infovera.com.ar\/web\/wp-json\/wp\/v2\/tags?post=31517"}],"curies":[{"name":"wp","href":"https:\/\/api.w.org\/{rel}","templated":true}]}}