{"id":31408,"date":"2022-01-31T11:00:52","date_gmt":"2022-01-31T14:00:52","guid":{"rendered":"https:\/\/infovera.com.ar\/web\/?p=31408"},"modified":"2022-02-01T17:06:19","modified_gmt":"2022-02-01T20:06:19","slug":"transportaba-15-toneladas-de-carbon-vegetal-sin-guia-forestal","status":"publish","type":"post","link":"https:\/\/infovera.com.ar\/web\/2022\/01\/31\/transportaba-15-toneladas-de-carbon-vegetal-sin-guia-forestal\/","title":{"rendered":"Transportaba 15 toneladas de carb\u00f3n vegetal sin gu\u00eda forestal"},"content":{"rendered":"<p><strong>Efectivos de la Secci\u00f3n Vera de Los Pumas, en circunstancias que se encontraban realizando patrullaje preventivo sobre Ruta Nacional 98 y acceso a la ciudad de Vera,<\/strong> procedieron a detener la marcha de un cami\u00f3n, conducido por un ciudadano de 62 a\u00f1os de edad, transportando 15 mil kilogramos de carb\u00f3n vegetal, sin gu\u00eda forestal, por tal motivo labraron \u201cActa de Infracci\u00f3n a la Ley Nacional N\u00ba 13.273\u201c(Ley Defensa Forestal), quedando el decomiso en dep\u00f3sito legal del infractor, continuando su viaje. Interviene Secretaria de Medio Ambiente del Ministerio de la Producci\u00f3n de la Prov. De Santa Fe.<\/p>\n<p><strong>Chancho salvaje<\/strong><\/p>\n<p>De patrullaje preventivo por zona urbana de la ciudad de Vera, procedieron a la<br \/>\nidentificaci\u00f3n de un ciudadano de 17 a\u00f1os de edad, quien transportaba un chancho salvaje<br \/>\ny dos cueros de Iguana, labraron acta por \u201cInfracci\u00f3n a la Ley Pcial. N\u00b04830 \u201c(ley de<br \/>\ncaza), por cazar sin licencia habilitante, cazar especies prohibidas, sin autorizaci\u00f3n del<br \/>\ndue\u00f1o del campo, con procedimiento antideportivo; las especies incautadas fueron desnaturalizadas. Intervienen Ministerio de Medio Ambiente y Cambio Clim\u00e1tico,<br \/>\nDirecci\u00f3n General de Manejo Sustentable de Fauna.<\/p>\n<p><img loading=\"lazy\" decoding=\"async\" class=\" wp-image-30589 aligncenter\" src=\"https:\/\/infovera.com.ar\/web\/wp-content\/uploads\/2021\/12\/ACOSTaa-1-300x54.jpg\" alt=\"\" width=\"739\" height=\"133\" srcset=\"https:\/\/infovera.com.ar\/web\/wp-content\/uploads\/2021\/12\/ACOSTaa-1-300x54.jpg 300w, https:\/\/infovera.com.ar\/web\/wp-content\/uploads\/2021\/12\/ACOSTaa-1.jpg 670w\" sizes=\"auto, (max-width: 739px) 100vw, 739px\" \/><\/p>\n","protected":false},"excerpt":{"rendered":"<p>Efectivos de la Secci\u00f3n Vera de Los Pumas, en circunstancias que se encontraban realizando patrullaje preventivo sobre Ruta Nacional 98 y acceso a la ciudad de Vera, procedieron a detener la marcha de un cami\u00f3n, conducido por un ciudadano de 62 a\u00f1os de edad, transportando 15 mil kilogramos de carb\u00f3n vegetal, sin gu\u00eda forestal, por [&hellip;]<\/p>\n","protected":false},"author":3,"featured_media":31409,"comment_status":"closed","ping_status":"closed","sticky":false,"template":"","format":"standard","meta":{"_joinchat":[],"footnotes":""},"categories":[30,53],"tags":[],"class_list":{"0":"post-31408","1":"post","2":"type-post","3":"status-publish","4":"format-standard","5":"has-post-thumbnail","7":"category-policiales","8":"category-vera"},"_links":{"self":[{"href":"https:\/\/infovera.com.ar\/web\/wp-json\/wp\/v2\/posts\/31408","targetHints":{"allow":["GET"]}}],"collection":[{"href":"https:\/\/infovera.com.ar\/web\/wp-json\/wp\/v2\/posts"}],"about":[{"href":"https:\/\/infovera.com.ar\/web\/wp-json\/wp\/v2\/types\/post"}],"author":[{"embeddable":true,"href":"https:\/\/infovera.com.ar\/web\/wp-json\/wp\/v2\/users\/3"}],"replies":[{"embeddable":true,"href":"https:\/\/infovera.com.ar\/web\/wp-json\/wp\/v2\/comments?post=31408"}],"version-history":[{"count":0,"href":"https:\/\/infovera.com.ar\/web\/wp-json\/wp\/v2\/posts\/31408\/revisions"}],"wp:featuredmedia":[{"embeddable":true,"href":"https:\/\/infovera.com.ar\/web\/wp-json\/wp\/v2\/media\/31409"}],"wp:attachment":[{"href":"https:\/\/infovera.com.ar\/web\/wp-json\/wp\/v2\/media?parent=31408"}],"wp:term":[{"taxonomy":"category","embeddable":true,"href":"https:\/\/infovera.com.ar\/web\/wp-json\/wp\/v2\/categories?post=31408"},{"taxonomy":"post_tag","embeddable":true,"href":"https:\/\/infovera.com.ar\/web\/wp-json\/wp\/v2\/tags?post=31408"}],"curies":[{"name":"wp","href":"https:\/\/api.w.org\/{rel}","templated":true}]}}