{"id":31405,"date":"2022-01-31T11:11:28","date_gmt":"2022-01-31T14:11:28","guid":{"rendered":"https:\/\/infovera.com.ar\/web\/?p=31405"},"modified":"2022-02-01T17:05:26","modified_gmt":"2022-02-01T20:05:26","slug":"angel-borrego-tenemos-fecha-de-inicio-del-torneo-para-el-6-de-marzo","status":"publish","type":"post","link":"https:\/\/infovera.com.ar\/web\/2022\/01\/31\/angel-borrego-tenemos-fecha-de-inicio-del-torneo-para-el-6-de-marzo\/","title":{"rendered":"\u00c1ngel Borrego: &#8220;Tenemos fecha de inicio del torneo para el 6 de marzo&#8221;"},"content":{"rendered":"<p><strong>La entidad del norte provincial prev\u00e9 un a\u00f1o m\u00e1s regular en lo deportivo y econ\u00f3mico, en comparaci\u00f3n al 2021. Mirador Provincial dialog\u00f3 con su presidente \u00c1ngel Borrego sobre la planificaci\u00f3n de esta nueva temporada, que comenzar\u00eda de manera oficial el 6 de marzo.<\/strong><\/p>\n<p>Las ligas de la provincia de Santa Fe ya se encuentran diagramando la nueva temporada que comenzar\u00e1 en pocas semanas. De hecho, muchos clubes comenzar\u00e1n a competir temprano, con la disputa a nivel provincial de la Copa Federaci\u00f3n.<\/p>\n<p>Cada instituci\u00f3n tiene su particularidad, y la Verense tiene una caracter\u00edstica que comparte junto con otras entidades y tiene que ver con las grandes distancias entre las localidades que la componen. Por ejemplo, desde Vera hasta San Javier hay nada menos que 150 kil\u00f3metros, lo cual hace que planificar un certamen sea todo un reto desde el punto de vista log\u00edstico y organizativo. Es por eso que desde\u00a0Mirador Provincial\u00a0decidimos ir a hablar con \u00c1ngel Borrego, quien lidera una de las ligas m\u00e1s pujantes de la bota santafesina.<\/p>\n<p>Esto hace prever que en 2022 se dispute tambi\u00e9n un certamen dividido por zonas, pero m\u00e1s largo y con mayor cantidad de partidos en comparaci\u00f3n al a\u00f1o que pas\u00f3. \u201cA nosotros deportivamente nos interesar\u00eda jugar todos contra todos. Todos los clubes quieren eso, pero tenemos que ver la realidad econ\u00f3mica, que indica que no podemos, por los transportes\u201d cont\u00f3 Borrego.<\/p>\n<p>Todo esto no ha impedido que en el 2021 la Liga Verense pudiese retomar las actividades oficiales, con un certamen dividido en grupos de cuatro equipos cada uno, emparejados por zonas geogr\u00e1ficas. En ese sentido, el a\u00f1o que pas\u00f3, pese a sus vicisitudes, fue un buen a\u00f1o para la Verense.<\/p>\n<p><strong>\u2014\u00bfCu\u00e1l es el balance que hicieron del 2021? Fue un a\u00f1o at\u00edpico, pero se pudo hacer f\u00fatbol.<\/strong><\/p>\n<p>\u2014El balance es altamente positivo. Los clubes hubiesen querido jugar un poco m\u00e1s, pero bueno, es entendible la situaci\u00f3n que tuvimos. Nos tuvimos que adaptar a la situaci\u00f3n y a la estructura de la salud. Comenzamos un torneo, luego continuamos el mismo modificando la cantidad de clasificados, gracias a Dios la gente acompa\u00f1\u00f3 en gran n\u00famero. La primera parte est\u00e1bamos limitados por el aforo, era de 100, despu\u00e9s se llev\u00f3 a 150, y hubo tambi\u00e9n que adaptarse a esa situaci\u00f3n. Los clubes primero intentaron no perder tanto dinero, tratar que entre la entrada y el buffet se puedan equilibrar un poco los n\u00fameros.<\/p>\n<p>\u201cNosotros tenemos una particularidad, y es que tenemos mucha distancia entre una instituci\u00f3n y otra. La gente hizo un gran esfuerzo de participar, y tambi\u00e9n en la \u00faltima etapa con el aforo m\u00e1s amplio, los clubes pudieron recuperar algo de dinero. Lo importante es que tuvimos una temporada dentro de todo linda. En lo deportivo no tenemos m\u00e1s que palabras de agradecimiento, porque todos se han portado muy bien, no hemos tenido ning\u00fan tipo de incidente en la temporada. Eso tambi\u00e9n es importante a la hora de hacer el balance final. Gracias a Dios hemos terminado una temporada m\u00e1s que importante y m\u00e1s que buena, y m\u00e1s teniendo en cuenta la situaci\u00f3n que vivimos, que fue muy at\u00edpica. Comenzamos, paramos, y luego pudimos terminar\u201d agreg\u00f3 Borrego.<\/p>\n<p><strong>\u2014\u00bfC\u00f3mo comenz\u00f3 este 2022 para la Verense?<\/strong><\/p>\n<p>\u2014Nosotros en la \u00faltima reuni\u00f3n que hicimos all\u00e1 por el 21 de diciembre, que fue la \u00faltima reuni\u00f3n del a\u00f1o, lo que hicimos fue ya ponerle fecha al campeonato del a\u00f1o 2022. Entonces ya todos empezaban a trabajar con tranquilidad, manejando los tiempos. Nosotros tenemos fecha de inicio para el 6 de marzo. El martes 1\u00ba de febrero vamos a comenzar con las primeras reuniones para diagramar lo que va a ser el torneo, para que en dos o tres semanas lo tengamos armado y arrancar lo m\u00e1s pronto posible. Cuando te diste cuenta, ten\u00e9s la fecha encima. Entonces queremos ganarle un poco a esta situaci\u00f3n que sigue siendo de incertidumbre.<\/p>\n<p>Seg\u00fan el titular de la Liga, la mayor parte de los clubes tiene planificado comenzar la pretemporada la primera semana de febrero, para poder llegar con poco m\u00e1s de un mes de trabajo al comienzo del torneo. Adem\u00e1s, tambi\u00e9n aclar\u00f3 que la idea es comenzar la temporada m\u00e1s temprano que otros a\u00f1os, teniendo en cuenta las altas temperaturas que comienzan a registrarse en la zona a partir del mes de noviembre.<\/p>\n<p>\u201cSe hace imposible jugar en diciembre, o en noviembre inclusive, porque las altas temperaturas hacen que sea imposible jugar en horarios de cinco o seis de la tarde. Por eso arrancamos un poco m\u00e1s temprano este a\u00f1o, porque queremos tener terminados todos los torneos antes que empiece el mes de noviembre\u201d, explic\u00f3 el mandam\u00e1s de la Liga.<\/p>\n<p>Por otra parte, el tema econ\u00f3mico no deja de ser una de las principales preocupaciones para todas las entidades deportivas. La pandemia dej\u00f3 a los clubes sumamente golpeados, y la vuelta de la actividad oficial sirvi\u00f3 para reactivar una vez m\u00e1s la vida institucional y social de los clubes.<\/p>\n<p><strong>\u2014\u00bfCre\u00e9s que el a\u00f1o pasado pudo servir para que los clubes se recompongan econ\u00f3micamente?<\/strong><\/p>\n<p>\u2014Creo que la primera parte fue compleja, porque ven\u00edamos de un parate bastante prolongado. Eso hizo que cueste un poco acomodarse, pero nosotros tuvimos una afluencia de p\u00fablico, que no s\u00e9 si fue producto del encierro, pero la gente se volc\u00f3 de manera masiva no solo al f\u00fatbol, sino tambi\u00e9n a otras actividades que tienen los clubes. Eso hizo que los clubes recuperen la masa societaria, y que puedan incrementar las arcas con el aporte que hace el socio. Vuelvo a insistir: nosotros tuvimos un fen\u00f3meno muy grande en las divisiones inferiores.<\/p>\n<p>Hubo clubes que llegaron a recaudar m\u00e1s que en primera en algunos aspectos. Es un n\u00famero que nosotros no ten\u00edamos previsto. Hab\u00eda jornadas de inferiores en las que en la cancha hab\u00eda m\u00e1s de 500 personas. Eso es algo que hac\u00eda mucho que no ve\u00edamos en divisiones inferiores.<\/p>\n<p><strong>\u2014An\u00edmicamente tambi\u00e9n hizo bien ver tanta gente volviendo a la cancha.<\/strong><\/p>\n<p>\u2014S\u00ed, mir\u00e1, para que tengas una idea, nosotros nos dividimos en zonas para abaratar los traslados. En la instancia de octavos, cuartos y semifinales, aqu\u00ed en nuestra ciudad hubo situaciones particulares y es que se enfrentaron \u00fanicamente clubes de Vera. Y era impresionante, hac\u00eda mucho tiempo que no se ve\u00eda la cantidad de gente que se vio en los espect\u00e1culos de f\u00fatbol. Hubo partidos, algunos cl\u00e1sicos como Gimnasia y Ferro, en ambas canchas, donde hubo que vender entradas anticipadas, y mucha gente qued\u00f3 afuera porque no daba la capacidad para que puedan ingresar todos. Eso hizo que tambi\u00e9n haya orden y planificaci\u00f3n, tanto en lo deportivo como en la seguridad.<\/p>\n<p>\u201cNo tuvimos ning\u00fan tipo de sobresalto en seguridad, ni incidentes, ni nada. Ayud\u00f3 el comportamiento de la gente, incluso hubo hinchadas mezcladas porque no hab\u00eda m\u00e1s espacio, y sin embargo no hemos tenido ning\u00fan inconveniente. Es importante destacar el comportamiento: as\u00ed como la gente necesitaba salir, tambi\u00e9n entendi\u00f3 que para salir y que esto dure, hab\u00eda que portarse bien\u201d agreg\u00f3 Borrego.<\/p>\n<p>Finalmente, el titular de la Liga Verense habl\u00f3 sobre los objetivos y las expectativas que se plantean como liga a nivel deportivo en este nuevo a\u00f1o. \u201cNosotros somos optimistas. Por lo que uno escucha de las autoridades sanitarias es que vamos a tener un a\u00f1o en donde las vacunaciones van a avanzar, y dicen los entendidos que la enfermedad no avanzar\u00e1 en el nivel de hospitalizaci\u00f3n. Si logramos eso, creo que vamos a poder ampliar un poco m\u00e1s la cantidad de gente que pueda ingresar a los estadios. Es importante que la gente pueda ingresar porque los clubes van a tener un ingreso econ\u00f3mico para afrontar sus desaf\u00edos\u201d explic\u00f3.<\/p>\n<p>Adem\u00e1s, el presidente agreg\u00f3 que hay mucha ansiedad y entusiasmo de cara al 2022. Esto tiene que ver con lo acotado que fue el a\u00f1o pasado, donde se comenz\u00f3 jugando entre marzo y abril, pero la cuarentena hizo que todas las actividades deban volver para atr\u00e1s. Fue reci\u00e9n en el mes de septiembre cuando las ligas pudieron reabrir y finalizar sus torneos. De esta forma, Borrego se\u00f1al\u00f3 que muchos se quedaron con ganas de poder jugar un poco m\u00e1s, teniendo en cuenta que la temporada dur\u00f3 entre tres y cuatro meses en total.<\/p>\n<p>\u201cNosotros el a\u00f1o pasado ten\u00edamos la preocupaci\u00f3n que los chicos hac\u00eda un a\u00f1o y medio que no pod\u00edan jugar de manera federada. La mayor preocupaci\u00f3n nuestra era que los chicos iban a perder el sentido de pertenencia. Est\u00e1bamos hablando que, con casi un a\u00f1o y medio sin jugar, iba a haber muchos chicos que iban a pasar de categor\u00eda sin jugar. Ese es otro de los temas que se plante\u00f3 el a\u00f1o pasado. Ojal\u00e1 que, por el bien de todos, este a\u00f1o sea dentro de todo normal\u201d, cerr\u00f3 Borrego.<\/p>\n<p>Fuente: Mirador Provincial<\/p>\n","protected":false},"excerpt":{"rendered":"<p>La entidad del norte provincial prev\u00e9 un a\u00f1o m\u00e1s regular en lo deportivo y econ\u00f3mico, en comparaci\u00f3n al 2021. Mirador Provincial dialog\u00f3 con su presidente \u00c1ngel Borrego sobre la planificaci\u00f3n de esta nueva temporada, que comenzar\u00eda de manera oficial el 6 de marzo. Las ligas de la provincia de Santa Fe ya se encuentran diagramando [&hellip;]<\/p>\n","protected":false},"author":3,"featured_media":31406,"comment_status":"closed","ping_status":"closed","sticky":false,"template":"","format":"standard","meta":{"_joinchat":[],"footnotes":""},"categories":[31,53],"tags":[],"class_list":{"0":"post-31405","1":"post","2":"type-post","3":"status-publish","4":"format-standard","5":"has-post-thumbnail","7":"category-deportes","8":"category-vera"},"_links":{"self":[{"href":"https:\/\/infovera.com.ar\/web\/wp-json\/wp\/v2\/posts\/31405","targetHints":{"allow":["GET"]}}],"collection":[{"href":"https:\/\/infovera.com.ar\/web\/wp-json\/wp\/v2\/posts"}],"about":[{"href":"https:\/\/infovera.com.ar\/web\/wp-json\/wp\/v2\/types\/post"}],"author":[{"embeddable":true,"href":"https:\/\/infovera.com.ar\/web\/wp-json\/wp\/v2\/users\/3"}],"replies":[{"embeddable":true,"href":"https:\/\/infovera.com.ar\/web\/wp-json\/wp\/v2\/comments?post=31405"}],"version-history":[{"count":0,"href":"https:\/\/infovera.com.ar\/web\/wp-json\/wp\/v2\/posts\/31405\/revisions"}],"wp:featuredmedia":[{"embeddable":true,"href":"https:\/\/infovera.com.ar\/web\/wp-json\/wp\/v2\/media\/31406"}],"wp:attachment":[{"href":"https:\/\/infovera.com.ar\/web\/wp-json\/wp\/v2\/media?parent=31405"}],"wp:term":[{"taxonomy":"category","embeddable":true,"href":"https:\/\/infovera.com.ar\/web\/wp-json\/wp\/v2\/categories?post=31405"},{"taxonomy":"post_tag","embeddable":true,"href":"https:\/\/infovera.com.ar\/web\/wp-json\/wp\/v2\/tags?post=31405"}],"curies":[{"name":"wp","href":"https:\/\/api.w.org\/{rel}","templated":true}]}}