{"id":31387,"date":"2022-01-28T18:14:05","date_gmt":"2022-01-28T21:14:05","guid":{"rendered":"https:\/\/infovera.com.ar\/web\/?p=31387"},"modified":"2022-01-31T19:06:47","modified_gmt":"2022-01-31T22:06:47","slug":"desde-el-lunes-la-provincia-liberara-la-vacunacion-de-terceras-dosis-a-mayores-de-40-anos","status":"publish","type":"post","link":"https:\/\/infovera.com.ar\/web\/2022\/01\/28\/desde-el-lunes-la-provincia-liberara-la-vacunacion-de-terceras-dosis-a-mayores-de-40-anos\/","title":{"rendered":"Desde el lunes la provincia liberar\u00e1 la vacunaci\u00f3n de terceras dosis a mayores de 40 a\u00f1os"},"content":{"rendered":"<p>La ministra de Salud, Sonia Martorano, inform\u00f3 que a partir del pr\u00f3ximo lunes 31 de enero las personas mayores de 40 a\u00f1os; las embarazadas, junto a su pareja; docentes y personal de seguridad, podr\u00e1n acceder sin turno previo a su tercera dosis de vacuna contra el Covid-19.<\/p>\n<p>&nbsp;<\/p>\n<p>En este sentido, la ministra precis\u00f3 que \u201ca partir del lunes se hace extensivo, a toda la provincia de Santa Fe, la vacunaci\u00f3n libre con terceras dosis a mayores de 40 a\u00f1os; a las embarazadas, junto a su pareja; personal docente y de seguridad, siempre y cuando hayan cumplido 4 meses despu\u00e9s de haberse colocado la segunda vacuna. Febrero va a ser el mes fuerte de terceras dosis&#8221;.<\/p>\n<p>&nbsp;<\/p>\n<p>A continuaci\u00f3n Martorano detall\u00f3 que \u201cdurante este mes de enero, la vacunaci\u00f3n viene evolucionando de gran manera. Este mes se colocaron 750 mil dosis en la provincia, lo que nos permiti\u00f3 llegar al 84% de la poblaci\u00f3n con esquema completo y el 28% de los ciudadanos y ciudadanas ya cuentan con su dosis de refuerzo\u201d.<\/p>\n<p>&nbsp;<\/p>\n<p>Asimismo, la titular de la cartera sanitaria record\u00f3 que \u201cquienes han cursado la enfermedad, se les aconseja esperar 90 d\u00edas y esto tiene que ver con que despu\u00e9s de tener Covid, quedan anticuerpos en el organismo y tienen protecci\u00f3n. Al colocar despu\u00e9s la vacuna, lo que permite es tener los anticuerpos por mas tiempo\u201d.<\/p>\n<p>&nbsp;<\/p>\n<p><strong>ESCUELAS SEGURAS<\/strong><br \/>\nAl ser consultada por el inicio de clases que se aproxima, la ministra de Salud se\u00f1al\u00f3 que \u201cestamos prepar\u00e1ndonos fuertemente para lo que se denomina escuelas seguras y para eso el primer punto es la vacunaci\u00f3n. Cabe destacar que el 96% de los docentes tienen el esquema completo y el 72% ya tiene su tercera dosis. En cuanto a ni\u00f1os, ni\u00f1as y adolescentes, la franja que va de 3 a 11 a\u00f1os, el 68% tiene dos dosis y en la franja de 12 a 17, el 81% tienen ambas vacunas. Esto nos va a garantizar poder iniciar las clases\u201d.<\/p>\n<p>&nbsp;<\/p>\n<p>\u201cAdem\u00e1s esta semana nos reunimos con la ministra de Educaci\u00f3n, Adriana Cantero, para trabajar en las cuestiones de protocolos, ventilaci\u00f3n, lavado de manos, barbijos y dem\u00e1s\u201d, inform\u00f3 la funcionaria.<\/p>\n<p>&nbsp;<\/p>\n<p><strong>DESCENTRALIZACI\u00d3N DE LA VACUNACI\u00d3N Y TESTEOS<\/strong><br \/>\nPor otra parte, la ministra de Salud record\u00f3 la nueva estrategia que est\u00e1 llevando adelante la provincia en cuanto a la descentralizaci\u00f3n y expansi\u00f3n de los vacunatorios: \u201cYa se han habilitado en Santa Fe dos vacunatorios, uno en el Centro Uni\u00f3n Empleados de Comercio y el otro en la Asociaci\u00f3n Trabajadores del Estado (ATE); y uno en Rosario en el sindicato Luz y Fuerza. Asimismo, estamos conversando con otros vacunatorios para que se sumen\u201d, destac\u00f3.<\/p>\n<p>&nbsp;<\/p>\n<p>A su vez, Martorano detall\u00f3 la situaci\u00f3n en cuanto a los testeos que se est\u00e1n realizando en la provincia. Al respecto precis\u00f3 que \u201clos turnos para ser hisopados en los centros de testeos se consiguen mediante la web provincial. Lo que estamos notando es que ha bajado la cantidad de personas que lo solicitan, lo cual tiene que ver con el momento epidemiol\u00f3gico\u201d.<\/p>\n<p>&nbsp;<\/p>\n<p>Adem\u00e1s, la funcionaria aclar\u00f3 que \u201ccuando se dice que para los menores de 60 a\u00f1os no siempre es necesario el hisopado, no quiere decir que no deba concurrir a un centro de diagn\u00f3stico o al centro de salud, implica que se puede hacer un diagn\u00f3stico cl\u00ednico, se hace un certificado y lo mas importante, se realiza el aislamiento necesario\u201d.<\/p>\n<p>&nbsp;<\/p>\n<p>\u201cTodav\u00eda hay alta circulaci\u00f3n de \u00d3micron lo cual implica que quien tenga un contacto estrecho con alguien que fue positivo y tenga los s\u00edntomas caracter\u00edsticos de esta enfermedad como dolor de cabeza, dolor de garganta, fiebre, son signos de alarma para hacer la consulta y aislarse para cortar la cadena de contagios, porque esta variante afecta las v\u00edas a\u00e9reas superiores)\u201d, se\u00f1al\u00f3 Martorano.<\/p>\n<p>&nbsp;<\/p>\n<p><strong>SITUACI\u00d3N DE CAMAS CR\u00cdTICAS<\/strong><br \/>\nPor \u00faltimo, la titular de la cartera sanitaria mencion\u00f3 la situaci\u00f3n por la que est\u00e1n atravesando las terapias intensivas de los hospitales p\u00fablicos santafesinos.<\/p>\n<p>&nbsp;<\/p>\n<p>En este sentido la ministra explic\u00f3 que \u201clos n\u00fameros de contagios pareciera que se est\u00e1n amesetando, generalmente a los 10 d\u00edas de pasado el pico tenemos el aumento en las internaciones. Hay un nivel alto pero que no satura el sistema\u201d.<\/p>\n<p>&nbsp;<\/p>\n<p>\u201cHay muchas internaciones en camas generales y hoy tenemos un 70% en terapias intensivas pero no es todo Covid, el Coronavirus es entre el 12% y el 14%\u201d, concluy\u00f3 Martorano.<\/p>\n","protected":false},"excerpt":{"rendered":"<p>La ministra de Salud, Sonia Martorano, inform\u00f3 que a partir del pr\u00f3ximo lunes 31 de enero las personas mayores de 40 a\u00f1os; las embarazadas, junto a su pareja; docentes y personal de seguridad, podr\u00e1n acceder sin turno previo a su tercera dosis de vacuna contra el Covid-19. &nbsp; En este sentido, la ministra precis\u00f3 que [&hellip;]<\/p>\n","protected":false},"author":3,"featured_media":31388,"comment_status":"closed","ping_status":"closed","sticky":false,"template":"","format":"standard","meta":{"_joinchat":[],"footnotes":""},"categories":[60],"tags":[],"class_list":{"0":"post-31387","1":"post","2":"type-post","3":"status-publish","4":"format-standard","5":"has-post-thumbnail","7":"category-provinciales"},"_links":{"self":[{"href":"https:\/\/infovera.com.ar\/web\/wp-json\/wp\/v2\/posts\/31387","targetHints":{"allow":["GET"]}}],"collection":[{"href":"https:\/\/infovera.com.ar\/web\/wp-json\/wp\/v2\/posts"}],"about":[{"href":"https:\/\/infovera.com.ar\/web\/wp-json\/wp\/v2\/types\/post"}],"author":[{"embeddable":true,"href":"https:\/\/infovera.com.ar\/web\/wp-json\/wp\/v2\/users\/3"}],"replies":[{"embeddable":true,"href":"https:\/\/infovera.com.ar\/web\/wp-json\/wp\/v2\/comments?post=31387"}],"version-history":[{"count":0,"href":"https:\/\/infovera.com.ar\/web\/wp-json\/wp\/v2\/posts\/31387\/revisions"}],"wp:featuredmedia":[{"embeddable":true,"href":"https:\/\/infovera.com.ar\/web\/wp-json\/wp\/v2\/media\/31388"}],"wp:attachment":[{"href":"https:\/\/infovera.com.ar\/web\/wp-json\/wp\/v2\/media?parent=31387"}],"wp:term":[{"taxonomy":"category","embeddable":true,"href":"https:\/\/infovera.com.ar\/web\/wp-json\/wp\/v2\/categories?post=31387"},{"taxonomy":"post_tag","embeddable":true,"href":"https:\/\/infovera.com.ar\/web\/wp-json\/wp\/v2\/tags?post=31387"}],"curies":[{"name":"wp","href":"https:\/\/api.w.org\/{rel}","templated":true}]}}