{"id":31379,"date":"2022-01-28T10:01:21","date_gmt":"2022-01-28T13:01:21","guid":{"rendered":"https:\/\/infovera.com.ar\/web\/?p=31379"},"modified":"2022-01-31T19:07:55","modified_gmt":"2022-01-31T22:07:55","slug":"cronograma-de-pago-de-sueldos-a-agentes-provinciales-2","status":"publish","type":"post","link":"https:\/\/infovera.com.ar\/web\/2022\/01\/28\/cronograma-de-pago-de-sueldos-a-agentes-provinciales-2\/","title":{"rendered":"Cronograma de pago de sueldos a agentes provinciales"},"content":{"rendered":"<p><strong>El calendario se inicia el martes 1\u00b0 de febrero. Adem\u00e1s, se inform\u00f3 que los haberes incluir\u00e1n un incremento remunerativo y bonificable del 2%, acumulando un aumento del 52% anual.<\/strong><\/p>\n<p>El Ministerio de Econom\u00eda dio a conocer el cronograma de pago de sueldos y jubilaciones de la administraci\u00f3n p\u00fablica provincial, correspondiente al mes de enero de 2022. Asimismo, inform\u00f3 que los haberes incluir\u00e1n un incremento remunerativo y bonificable del 2%, acumulando un aumento del 52% anual.<\/p>\n<p><strong>El detalle es el siguiente:<\/strong><\/p>\n<p>Martes 1\u00b0\u00a0de febrero<\/p>\n<p>&gt;&gt; Pasivos a los que les corresponde percibir un monto de bolsillo de hasta 84.000 pesos.<\/p>\n<p>&gt;&gt; Escalaf\u00f3n policial.<\/p>\n<p>&nbsp;<\/p>\n<p>Mi\u00e9rcoles 2 de febrero<\/p>\n<p>&gt;&gt; Activos a los que les corresponde percibir un monto de bolsillo de hasta 80.000 pesos.<\/p>\n<p>&gt;&gt; Docentes de Escuelas Privadas Transferidas 1\u00ba y 2\u00ba Convenio.<\/p>\n<p>&nbsp;<\/p>\n<p>Jueves 3 de febrero<\/p>\n<p>&gt;&gt; Resto de Activos a los que les corresponde percibir un monto de bolsillo superior a 80.000.<\/p>\n<p>&gt;&gt; Docentes de Escuelas Privadas Hist\u00f3ricas.<\/p>\n<p>&nbsp;<\/p>\n<p>Viernes 4 de febrero<\/p>\n<p>&gt;&gt; Resto de Pasivos a los que les corresponde percibir un monto de bolsillo superior a 84.000 pesos.<\/p>\n<p>&nbsp;<\/p>\n<p>Lunes 7 de febrero<\/p>\n<p>&gt;&gt; Autoridades Superiores Poder Judicial, Poder Legislativo y Poder Ejecutivo.<\/p>\n","protected":false},"excerpt":{"rendered":"<p>El calendario se inicia el martes 1\u00b0 de febrero. Adem\u00e1s, se inform\u00f3 que los haberes incluir\u00e1n un incremento remunerativo y bonificable del 2%, acumulando un aumento del 52% anual. El Ministerio de Econom\u00eda dio a conocer el cronograma de pago de sueldos y jubilaciones de la administraci\u00f3n p\u00fablica provincial, correspondiente al mes de enero de [&hellip;]<\/p>\n","protected":false},"author":3,"featured_media":0,"comment_status":"closed","ping_status":"closed","sticky":false,"template":"","format":"standard","meta":{"_joinchat":[],"footnotes":""},"categories":[60],"tags":[],"class_list":{"0":"post-31379","1":"post","2":"type-post","3":"status-publish","4":"format-standard","6":"category-provinciales"},"_links":{"self":[{"href":"https:\/\/infovera.com.ar\/web\/wp-json\/wp\/v2\/posts\/31379","targetHints":{"allow":["GET"]}}],"collection":[{"href":"https:\/\/infovera.com.ar\/web\/wp-json\/wp\/v2\/posts"}],"about":[{"href":"https:\/\/infovera.com.ar\/web\/wp-json\/wp\/v2\/types\/post"}],"author":[{"embeddable":true,"href":"https:\/\/infovera.com.ar\/web\/wp-json\/wp\/v2\/users\/3"}],"replies":[{"embeddable":true,"href":"https:\/\/infovera.com.ar\/web\/wp-json\/wp\/v2\/comments?post=31379"}],"version-history":[{"count":0,"href":"https:\/\/infovera.com.ar\/web\/wp-json\/wp\/v2\/posts\/31379\/revisions"}],"wp:attachment":[{"href":"https:\/\/infovera.com.ar\/web\/wp-json\/wp\/v2\/media?parent=31379"}],"wp:term":[{"taxonomy":"category","embeddable":true,"href":"https:\/\/infovera.com.ar\/web\/wp-json\/wp\/v2\/categories?post=31379"},{"taxonomy":"post_tag","embeddable":true,"href":"https:\/\/infovera.com.ar\/web\/wp-json\/wp\/v2\/tags?post=31379"}],"curies":[{"name":"wp","href":"https:\/\/api.w.org\/{rel}","templated":true}]}}