{"id":31364,"date":"2022-01-27T13:05:09","date_gmt":"2022-01-27T16:05:09","guid":{"rendered":"https:\/\/infovera.com.ar\/web\/?p=31364"},"modified":"2022-01-27T13:05:09","modified_gmt":"2022-01-27T16:05:09","slug":"la-provincia-constatara-a-campo-las-declaraciones-juradas-presentadas-por-productores","status":"publish","type":"post","link":"https:\/\/infovera.com.ar\/web\/2022\/01\/27\/la-provincia-constatara-a-campo-las-declaraciones-juradas-presentadas-por-productores\/","title":{"rendered":"La Provincia constatar\u00e1 a campo las declaraciones juradas presentadas por productores"},"content":{"rendered":"<p>El Gobierno de la Provincia, a trav\u00e9s de su Ministerio de Producci\u00f3n, Ciencia y Tecnolog\u00eda, indic\u00f3 que se constatar\u00e1n a campo las declaraciones juradas que presenten los productores en el marco de la Emergencia Agropecuaria dictada mediante el Decreto Provincial N\u00ba0020\/22. Ingenieros de la mencionada cartera verificar\u00e1n de forma aleatoria los da\u00f1os declarados y, en caso de verificarse inconsistencias, se proceder\u00e1 a dejar sin efecto el tr\u00e1mite iniciado.<\/p>\n<p>La jefa del Departamento de Emergencia Agropecuaria y Alertas Tempranas, Luciana Klempnow, explic\u00f3 que \u201cal momento se han presentado 65 declaraciones juradas para solicitar el certificado de emergencia y\/o desastre agropecuario. Las mismas se encuentran distribuidas en doce departamentos de la provincia\u201d.<\/p>\n<p>Adem\u00e1s, destac\u00f3 que \u201cel equipo t\u00e9cnico ya se encuentra realizando las evaluaciones pertinentes y se prev\u00e9 que a partir de la pr\u00f3xima semana se estar\u00e1n emitiendo los primeros certificados\u201d.<\/p>\n<p><strong>EMERGENCIA AGROPECUARIA<\/strong><\/p>\n<p>La Emergencia Agropecuaria, rubricada por el gobernador Omar Perotti el pasado 18 de enero, declar\u00f3 en situaci\u00f3n de Emergencia y\/o Desastre Agropecuario a las explotaciones agr\u00edcolas extensivas, frutihort\u00edcolas y ganaderas afectadas por el evento clim\u00e1tico sequ\u00eda. Comprende el periodo que se extiende desde el 1 de enero hasta el 30 de junio de 2022 y contempla a todos los departamentos de la provincia excepto General L\u00f3pez.<\/p>\n<p>Desde el viernes 21 de enero y hasta el 15 de marzo se encuentra habilitada la plataforma digital de Emergencia Agropecuaria, desde donde aquellos productores agropecuarios afectados podr\u00e1n acceder al Sistema Santafesino de Gesti\u00f3n de Situaciones de Emergencia Agropecuaria (Sisagea) en el portal web de la provincia (<a href=\"http:\/\/www.santafe.gov.ar\/\" target=\"_blank\" rel=\"noopener\" data-saferedirecturl=\"https:\/\/www.google.com\/url?q=http:\/\/www.santafe.gov.ar&amp;source=gmail&amp;ust=1643385787969000&amp;usg=AOvVaw1w1DZx2R7jfVBxUfORv7aS\">www.santafe.gov.ar<\/a>) y as\u00ed realizar la presentaci\u00f3n de la declaraci\u00f3n jurada de da\u00f1os.<\/p>\n<p>Una vez presentada junto a la documentaci\u00f3n respaldatoria, la misma ser\u00e1 evaluada administrativa, legal y agron\u00f3micamente por el equipo t\u00e9cnico de la cartera productiva y arrojar\u00e1 un resultado. El mismo podr\u00e1 ser un certificado en situaci\u00f3n Emergencia Agropecuaria cuando las p\u00e9rdidas se encuentren entre el 50% y el 80%; \u00a0uno en situaci\u00f3n de desastre cuando las p\u00e9rdidas superen el 80%. En tanto, en aquellos donde las p\u00e9rdidas no alcancen el umbral de 50% el tr\u00e1mite ser\u00e1 rechazado. En todos los casos, los productores agropecuarios ser\u00e1n informados acerca de su situaci\u00f3n particular y aquellos que cuenten con un certificado de emergencia\/desastre agropecuario podr\u00e1n descargarlo e imprimirlo ingresando al sistema.<\/p>\n","protected":false},"excerpt":{"rendered":"<p>El Gobierno de la Provincia, a trav\u00e9s de su Ministerio de Producci\u00f3n, Ciencia y Tecnolog\u00eda, indic\u00f3 que se constatar\u00e1n a campo las declaraciones juradas que presenten los productores en el marco de la Emergencia Agropecuaria dictada mediante el Decreto Provincial N\u00ba0020\/22. Ingenieros de la mencionada cartera verificar\u00e1n de forma aleatoria los da\u00f1os declarados y, en [&hellip;]<\/p>\n","protected":false},"author":3,"featured_media":31365,"comment_status":"closed","ping_status":"closed","sticky":false,"template":"","format":"standard","meta":{"_joinchat":[],"footnotes":""},"categories":[61],"tags":[],"class_list":{"0":"post-31364","1":"post","2":"type-post","3":"status-publish","4":"format-standard","5":"has-post-thumbnail","7":"category-regionales"},"_links":{"self":[{"href":"https:\/\/infovera.com.ar\/web\/wp-json\/wp\/v2\/posts\/31364","targetHints":{"allow":["GET"]}}],"collection":[{"href":"https:\/\/infovera.com.ar\/web\/wp-json\/wp\/v2\/posts"}],"about":[{"href":"https:\/\/infovera.com.ar\/web\/wp-json\/wp\/v2\/types\/post"}],"author":[{"embeddable":true,"href":"https:\/\/infovera.com.ar\/web\/wp-json\/wp\/v2\/users\/3"}],"replies":[{"embeddable":true,"href":"https:\/\/infovera.com.ar\/web\/wp-json\/wp\/v2\/comments?post=31364"}],"version-history":[{"count":0,"href":"https:\/\/infovera.com.ar\/web\/wp-json\/wp\/v2\/posts\/31364\/revisions"}],"wp:featuredmedia":[{"embeddable":true,"href":"https:\/\/infovera.com.ar\/web\/wp-json\/wp\/v2\/media\/31365"}],"wp:attachment":[{"href":"https:\/\/infovera.com.ar\/web\/wp-json\/wp\/v2\/media?parent=31364"}],"wp:term":[{"taxonomy":"category","embeddable":true,"href":"https:\/\/infovera.com.ar\/web\/wp-json\/wp\/v2\/categories?post=31364"},{"taxonomy":"post_tag","embeddable":true,"href":"https:\/\/infovera.com.ar\/web\/wp-json\/wp\/v2\/tags?post=31364"}],"curies":[{"name":"wp","href":"https:\/\/api.w.org\/{rel}","templated":true}]}}