{"id":31360,"date":"2022-01-27T12:31:35","date_gmt":"2022-01-27T15:31:35","guid":{"rendered":"https:\/\/infovera.com.ar\/web\/?p=31360"},"modified":"2022-01-31T19:08:35","modified_gmt":"2022-01-31T22:08:35","slug":"se-presentaron-cinco-propuestas-para-construir-la-estacion-transformadora-vera-de-la-epe","status":"publish","type":"post","link":"https:\/\/infovera.com.ar\/web\/2022\/01\/27\/se-presentaron-cinco-propuestas-para-construir-la-estacion-transformadora-vera-de-la-epe\/","title":{"rendered":"Se presentaron cinco propuestas para construir la Estaci\u00f3n Transformadora Vera de la EPE"},"content":{"rendered":"<p><strong>La Empresa Provincial de la Energ\u00eda (EPE) realiz\u00f3 este jueves el acto de apertura de sobres con las ofertas t\u00e9cnicas y econ\u00f3micas para la construcci\u00f3n de la nueva estaci\u00f3n transformadora en la ciudad de Vera, su alimentaci\u00f3n en alta tensi\u00f3n y v\u00ednculos en media tensi\u00f3n, que demandar\u00e1 una inversi\u00f3n oficial superior a los 1.000 millones de pesos.<\/strong><\/p>\n<p>En la oportunidad, se presentaron las siguientes ofertas: UTE Proyecci\u00f3n Electroluz \u2013 Bauza Ingenier\u00eda, cotiz\u00f3 los trabajos en 1.119.512.389,88 pesos;<\/p>\n<p>Rovella Carranza, en 1.215.253.886,47 pesos; Coemyc, en 1.223.933.571,10 pesos; Sapyc, en 1.578.957.642,09 pesos; y VFM, en 1.080.000.478,46 pesos.<\/p>\n<p>A partir de ahora, una comisi\u00f3n intergerencial analizar\u00e1 las propuestas t\u00e9cnicas y econ\u00f3micas y realizar\u00e1 el correspondiente informe para la posterior adjudicaci\u00f3n de los trabajos.<\/p>\n<p><strong>UNA DEMANDA DE LA REGI\u00d3N<\/strong><\/p>\n<p>En la oportunidad, el presidente de la EPE, Mauricio Caussi, manifest\u00f3 que \u201ceste es un compromiso asumido por el gobierno de Omar Perotti, de dotar de la infraestructura que necesita el norte de la provincia para desarrollar sus potencialidades. Se trata de una obra que es un claro ejemplo de la b\u00fasqueda de disminuir las asimetr\u00edas entre las distintas regiones de la provincia. Hace m\u00e1s de siete a\u00f1os que la regi\u00f3n demandaba esta obra estrat\u00e9gica, que ahora empezamos a concretar\u201d.<\/p>\n<p>\u201cLa empresa realiza un esfuerzo muy importante para la concreci\u00f3n de este proyecto que representan m\u00e1s de 1.000 millones pesos de inversi\u00f3n para una obra el\u00e9ctrica emblem\u00e1tica\u201d, prosigui\u00f3 el funcionario.<\/p>\n<p>\u201cCuando hablamos de igualdad de oportunidades nos referimos a llegar a cada rinc\u00f3n de la provincia con este tipo de obras el\u00e9ctricas que verdaderamente necesita la gente y, as\u00ed, contrarrestar los desequilibrios territoriales\u201d, explic\u00f3 Caussi y agreg\u00f3 que \u201cestas obras no s\u00f3lo beneficiar\u00e1n a muchos vecinos, sino que, adem\u00e1s, fortalecer\u00e1n la Santa Fe que queremos, con esquemas de desarrollo productivo y generaci\u00f3n de empleo en tiempos muy dif\u00edciles&#8221;.<\/p>\n<p>Del acto participaron tambi\u00e9n los directores Gisela Wild y Hugo Zin; el senador provincial, Osvaldo Sosa, la intendenta de Vera, Paula Mitre; el intendente de Calchaqu\u00ed, Rub\u00e9n Cuello; y el presidente comunal de Fort\u00edn Olmos, Rodrigo Acevedo, junto con representantes de las empresas oferentes.<\/p>\n<p><strong>LOS TRABAJOS<\/strong><\/p>\n<p>La obra que significar\u00e1 una mejora notable en la calidad del abastecimiento de energ\u00eda para la cabecera del departamento y la regi\u00f3n, beneficiando a casi 12.000 usuarios de zonas urbanas y rurales, adem\u00e1s de aliviar la demanda sobre otras instalaciones cercanas.<\/p>\n<p>Asimismo, con esta obra se consigue un nuevo punto de inyecci\u00f3n de potencia en la red de media tensi\u00f3n de la ciudad de Vera, \u00e1rea industrial y zona de influencia, aumentando la calidad del servicio; adem\u00e1s, se libera potencia de las estaciones Reconquista y Calchaqu\u00ed. Cabe destacar que tambi\u00e9n se beneficiar\u00e1n las localidades de Malabrigo, Margarita, La Gallareta, Las Gamas, Berna y sus zonas rurales.<\/p>\n<p>La l\u00ednea a\u00e9rea de alta tensi\u00f3n tendr\u00e1 una extensi\u00f3n de 2.310 metros y vincular\u00e1 el corredor Calchaqu\u00ed \u2013 Romang, con la nueva estaci\u00f3n transformadora, que tendr\u00e1 6 salidas para alimentar usuarios urbanos y rurales, en el sistema de 13,2 kV.<\/p>\n","protected":false},"excerpt":{"rendered":"<p>La Empresa Provincial de la Energ\u00eda (EPE) realiz\u00f3 este jueves el acto de apertura de sobres con las ofertas t\u00e9cnicas y econ\u00f3micas para la construcci\u00f3n de la nueva estaci\u00f3n transformadora en la ciudad de Vera, su alimentaci\u00f3n en alta tensi\u00f3n y v\u00ednculos en media tensi\u00f3n, que demandar\u00e1 una inversi\u00f3n oficial superior a los 1.000 millones [&hellip;]<\/p>\n","protected":false},"author":3,"featured_media":31361,"comment_status":"closed","ping_status":"closed","sticky":false,"template":"","format":"standard","meta":{"_joinchat":[],"footnotes":""},"categories":[53],"tags":[],"class_list":{"0":"post-31360","1":"post","2":"type-post","3":"status-publish","4":"format-standard","5":"has-post-thumbnail","7":"category-vera"},"_links":{"self":[{"href":"https:\/\/infovera.com.ar\/web\/wp-json\/wp\/v2\/posts\/31360","targetHints":{"allow":["GET"]}}],"collection":[{"href":"https:\/\/infovera.com.ar\/web\/wp-json\/wp\/v2\/posts"}],"about":[{"href":"https:\/\/infovera.com.ar\/web\/wp-json\/wp\/v2\/types\/post"}],"author":[{"embeddable":true,"href":"https:\/\/infovera.com.ar\/web\/wp-json\/wp\/v2\/users\/3"}],"replies":[{"embeddable":true,"href":"https:\/\/infovera.com.ar\/web\/wp-json\/wp\/v2\/comments?post=31360"}],"version-history":[{"count":0,"href":"https:\/\/infovera.com.ar\/web\/wp-json\/wp\/v2\/posts\/31360\/revisions"}],"wp:featuredmedia":[{"embeddable":true,"href":"https:\/\/infovera.com.ar\/web\/wp-json\/wp\/v2\/media\/31361"}],"wp:attachment":[{"href":"https:\/\/infovera.com.ar\/web\/wp-json\/wp\/v2\/media?parent=31360"}],"wp:term":[{"taxonomy":"category","embeddable":true,"href":"https:\/\/infovera.com.ar\/web\/wp-json\/wp\/v2\/categories?post=31360"},{"taxonomy":"post_tag","embeddable":true,"href":"https:\/\/infovera.com.ar\/web\/wp-json\/wp\/v2\/tags?post=31360"}],"curies":[{"name":"wp","href":"https:\/\/api.w.org\/{rel}","templated":true}]}}