{"id":31352,"date":"2022-01-26T19:49:26","date_gmt":"2022-01-26T22:49:26","guid":{"rendered":"https:\/\/infovera.com.ar\/web\/?p=31352"},"modified":"2022-01-26T19:49:26","modified_gmt":"2022-01-26T22:49:26","slug":"fixture-de-la-copa-federacion-2022","status":"publish","type":"post","link":"https:\/\/infovera.com.ar\/web\/2022\/01\/26\/fixture-de-la-copa-federacion-2022\/","title":{"rendered":"Fixture de la Copa Federaci\u00f3n 2022"},"content":{"rendered":"<p>La Federaci\u00f3n Santafesina de F\u00fatbol defini\u00f3, en la jornada de este jueves, el fixture de la edici\u00f3n 2022 de la Copa Federaci\u00f3n, con sus respectivas local\u00edas y fechas de referencia.<\/p>\n<p>&nbsp;<\/p>\n<p>El calendario establecido es el siguiente:<\/p>\n<p>\ud83d\udcdd Octavos de Final: 30 de enero y 6 de febrero<\/p>\n<p>\ud83d\udcdd Cuartos de Final: 13 de febrero y 20 de febrero<\/p>\n<p>\ud83d\udcdd Semifinales: 27 de febrero y 6 de marzo<\/p>\n<p>\ud83d\udcdd Finales: 13 de marzo y 20 de marzo.<\/p>\n<p>&nbsp;<\/p>\n<p>&nbsp;<\/p>\n<p>A continuaci\u00f3n, el cuadro de competencia con las respectivas local\u00edas (La \u2b50 indica qu\u00e9 equipo define la serie en condici\u00f3n de local)<\/p>\n<p>.<\/p>\n<p>OCTAVOS DE FINAL PARTIDO DE IDA ATLETICO Y TIRO LIGA RECONQUISTENSE VS HURAC\u00c1N LIGA OCAMPENSE DOMINGO 30 A LAS 20 HS EN EL ESTADIO DE AT Y TIRO CUATERNA DE LA LIGA OCAMPENSE ARBITRO PRINCIPAL SERGIO ROJAS LINEA 1 RODRIGO AGUSTINI LINEA 2 DAVID BLANCHE 4TO ARBITRO JUAN BRAVO.<\/p>\n<p>Por otra parte el campe\u00f3n de la LIGA VERENESE HURACAN DE LA CRIOLLA SE ENFRENTA AL EQUIPO DE LA LIGA PAIVENSE A MIRAMAR DE ARROLLO AGUIAR. EL DIA DOMINGO A LAS 18HS . PRIMER PARTIDO EN LA CRIOLLA Y EL DE VUELTA EN ARROLLO AGUIAR . CON TERNAS DE LA LIGA SANTAFESINA &#8230;<\/p>\n","protected":false},"excerpt":{"rendered":"<p>La Federaci\u00f3n Santafesina de F\u00fatbol defini\u00f3, en la jornada de este jueves, el fixture de la edici\u00f3n 2022 de la Copa Federaci\u00f3n, con sus respectivas local\u00edas y fechas de referencia. &nbsp; El calendario establecido es el siguiente: \ud83d\udcdd Octavos de Final: 30 de enero y 6 de febrero \ud83d\udcdd Cuartos de Final: 13 de febrero [&hellip;]<\/p>\n","protected":false},"author":3,"featured_media":31353,"comment_status":"closed","ping_status":"closed","sticky":false,"template":"","format":"standard","meta":{"_joinchat":[],"footnotes":""},"categories":[31,35],"tags":[],"class_list":{"0":"post-31352","1":"post","2":"type-post","3":"status-publish","4":"format-standard","5":"has-post-thumbnail","7":"category-deportes","8":"category-futbol"},"_links":{"self":[{"href":"https:\/\/infovera.com.ar\/web\/wp-json\/wp\/v2\/posts\/31352","targetHints":{"allow":["GET"]}}],"collection":[{"href":"https:\/\/infovera.com.ar\/web\/wp-json\/wp\/v2\/posts"}],"about":[{"href":"https:\/\/infovera.com.ar\/web\/wp-json\/wp\/v2\/types\/post"}],"author":[{"embeddable":true,"href":"https:\/\/infovera.com.ar\/web\/wp-json\/wp\/v2\/users\/3"}],"replies":[{"embeddable":true,"href":"https:\/\/infovera.com.ar\/web\/wp-json\/wp\/v2\/comments?post=31352"}],"version-history":[{"count":0,"href":"https:\/\/infovera.com.ar\/web\/wp-json\/wp\/v2\/posts\/31352\/revisions"}],"wp:featuredmedia":[{"embeddable":true,"href":"https:\/\/infovera.com.ar\/web\/wp-json\/wp\/v2\/media\/31353"}],"wp:attachment":[{"href":"https:\/\/infovera.com.ar\/web\/wp-json\/wp\/v2\/media?parent=31352"}],"wp:term":[{"taxonomy":"category","embeddable":true,"href":"https:\/\/infovera.com.ar\/web\/wp-json\/wp\/v2\/categories?post=31352"},{"taxonomy":"post_tag","embeddable":true,"href":"https:\/\/infovera.com.ar\/web\/wp-json\/wp\/v2\/tags?post=31352"}],"curies":[{"name":"wp","href":"https:\/\/api.w.org\/{rel}","templated":true}]}}