{"id":31349,"date":"2022-01-26T18:55:57","date_gmt":"2022-01-26T21:55:57","guid":{"rendered":"https:\/\/infovera.com.ar\/web\/?p=31349"},"modified":"2022-01-26T18:55:57","modified_gmt":"2022-01-26T21:55:57","slug":"el-gobernador-y-el-presidente-firmaron-un-prestamo-por-100-millones-de-dolares-para-financiar-el-programa-santa-feconectada","status":"publish","type":"post","link":"https:\/\/infovera.com.ar\/web\/2022\/01\/26\/el-gobernador-y-el-presidente-firmaron-un-prestamo-por-100-millones-de-dolares-para-financiar-el-programa-santa-feconectada\/","title":{"rendered":"El Gobernador y el Presidente firmaron un pr\u00e9stamo por 100 millones de d\u00f3lares para financiar el programa Santa Fe+Conectada"},"content":{"rendered":"<p>El gobernador de la provincia, Omar Perotti; y el presidente de la Naci\u00f3n, Alberto Fern\u00e1ndez, firmaron este mi\u00e9rcoles un pr\u00e9stamo con el CAF -Banco de Desarrollo de Am\u00e9rica Latina- para financiar el &#8220;Programa de Inclusi\u00f3n Digital y Transformaci\u00f3n Educativa Santa Fe+Conectada&#8221;.<\/p>\n<p>&nbsp;<\/p>\n<p>&nbsp;<\/p>\n<p>En la oportunidad, Perotti remarc\u00f3 que \u201cdar un salto en la conectividad en nuestra provincia es clave, ya que venimos con un retraso importante que la pandemia dej\u00f3 al desnudo\u201d.<\/p>\n<p>&nbsp;<\/p>\n<p>Del mismo modo, el mandatario record\u00f3 que \u201cfue un largo trabajo que iniciamos en conversaciones con el CAF previo a asumir, que luego tuvieron un impasse en la Legislatura, ya que para aprobar la ley la C\u00e1mara de Diputados demor\u00f3 el mismo tiempo que el que demand\u00f3 realizar todas las otras gestiones hasta llegar a esta instancia final\u201d, sostuvo el gobernador de la provincia.<\/p>\n<p>&nbsp;<\/p>\n<p>Y agreg\u00f3: \u201cLo que estamos haciendo hoy nos permite desarrollar un proyecto estrat\u00e9gico para la provincia de Santa Fe, con el compromiso de todos los sectores de recuperar este tiempo y, en el menor tiempo posible, poder llamar a licitaci\u00f3n, la cual queremos que sea en los primeros d\u00edas de febrero\u201d, dijo Perotti.<\/p>\n<p>&nbsp;<\/p>\n<p>En ese sentido, el gobernador santafesino detall\u00f3 que \u201cvamos a llevar 4.000 kil\u00f3metros de fibra \u00f3ptica para unir las 365 ciudades y pueblos de nuestra provincia, para dar un salto en algo que puso en evidencia la pandemia, donde 500 mil alumnos santafesinos quedaron fuera de la posibilidad de estar conectados\u201d, explic\u00f3.<\/p>\n<p>&nbsp;<\/p>\n<p>Adem\u00e1s, el gobernador destac\u00f3 la importancia de contar con conectividad en toda la provincia tambi\u00e9n para la medicina, la descentralizaci\u00f3n operativa del gobierno provincial, la justicia y la seguridad. \u201cEs un proyecto estrat\u00e9gico para nosotros, estar acompa\u00f1ados por el Presidente nos compromete. Es un proyecto que va a ser exitoso en uno de sus planteos: afianzar el federalismo y arraigar a nuestra gente en sus lugares de origen\u201d, concluy\u00f3 Perotti.<\/p>\n<p>&nbsp;<\/p>\n<p>Por su parte, el presidente de la Naci\u00f3n, Alberto Fern\u00e1ndez, insisti\u00f3 en que \u201cdebemos dar los pasos para el desarrollo inclusivo en la Argentina. Nosotros necesitamos un pa\u00eds que pueda encontrar los caminos del crecimiento y desarrollo seguros. La conectividad, hoy en d\u00eda, es un elemento esencial. Para el desarrollo y el funcionamiento de los gobiernos y de las empresas, internet es el camino para acercar distancias. Por lo tanto, todo lo que hacemos en favor de la conectividad es definitivamente un servicio que garantiza m\u00e1s conocimiento y desarrollo\u201d, manifest\u00f3 Fern\u00e1ndez.<\/p>\n<p>&nbsp;<\/p>\n<p>Y a\u00f1adi\u00f3: \u201cHay una inversi\u00f3n muy importante, que agradezco al Banco de Desarrollo de Am\u00e9rica Latina que piense en inversiones. Por esta v\u00eda estamos llegando y dando internet a los sectores m\u00e1s postergados, a chicos que necesitan conectarse para adquirir conocimientos y saberes. Para que el conocimiento hoy en d\u00eda pueda ser real, la conectividad debe ser esencial\u201d, finaliz\u00f3 el presidente de la Naci\u00f3n.<\/p>\n<p>&nbsp;<\/p>\n<p>El encuentro se realiz\u00f3 en la Casa Rosada y del mismo participaron tambi\u00e9n el secretario de Asuntos Estrat\u00e9gicos de la Presidencia de la Naci\u00f3n, Gustavo B\u00e9liz; el subsecretario de Relaciones Financieras Internacionales para el Desarrollo, Leandro Gorgal; el ministro de Econom\u00eda de la provincia, Walter Agosto; la secretaria de Gesti\u00f3n Federal de la Provincia, Candelaria Gonz\u00e1lez del Pino; y el representante del Banco de Desarrollo de Am\u00e9rica Latina, Santiago Rojas Arroyo.<\/p>\n<p>&nbsp;<\/p>\n<p><strong>Inclusi\u00f3n digital<\/strong><\/p>\n<p>&nbsp;<\/p>\n<p>Por su parte, Gorgal sostuvo que \u201cesto significa el acompa\u00f1amiento a la provincia en una importante pol\u00edtica de conectividad. Es un pr\u00e9stamo del CAF, que desde la Naci\u00f3n acompa\u00f1amos siendo garantes de esta operaci\u00f3n. Esto va en l\u00ednea con uno de los ejes estrat\u00e9gicos que ha definido el secretario Gustavo B\u00e9liz, en lo que tiene que ver con financiamiento internacional, que es apoyar a la inversi\u00f3n en conectividad digital. Un paso clave para avanzar en el desarrollo. Hoy por hoy cualquier actividad econ\u00f3mica, educativa, social requiere de la conectividad como un insumo b\u00e1sico. As\u00ed que esto es un importante proyecto de la provincia de Santa Fe que va a impactar positivamente en m\u00e1s de tres millones de habitantes\u201d.<\/p>\n<p>&nbsp;<\/p>\n<p>Por otro lado, Agosto afirm\u00f3 que \u201cdesde el principio de la gesti\u00f3n el gobernador ha estado trabajando en esta l\u00ednea y hoy estamos dando un paso trascendente. A lo largo de todo este tiempo la provincia ha ido avanzando en una serie de cuestiones muy vinculadas a este proyecto y se han avanzado en licitaciones para ir accediendo con wifi gratis a barrios populares de Santa Fe y Rosario\u201d.<\/p>\n<p>&nbsp;<\/p>\n<p>Por \u00faltimo, Rojas destac\u00f3 que \u201ceste es uno de los proyectos m\u00e1s importantes de CAF en Argentina\u201d; y resalt\u00f3 el \u201ctrabajo con la provincia de Santa Fe, con el gobernador, con el equipo del gobierno nacional, para llegar a este importante proyecto, que va a beneficiar a m\u00e1s de 3 millones de santafesinos en temas de internet y conectividad, llegando a barrios populares, a aquellos ciudadanos que hoy no tienen o tienen mala calidad de internet\u201d.<\/p>\n<p>&nbsp;<\/p>\n<p>\u201cEstamos hablando de inclusi\u00f3n digital, de trabajar con el sector educativo, de salud, de seguridad de manera integral, para brindar soluciones de conectividad a la provincia de Santa Fe\u201d, concluy\u00f3 Rojas.<\/p>\n<p>&nbsp;<\/p>\n<p><strong>Santa Fe+Conectada<\/strong><\/p>\n<p>&nbsp;<\/p>\n<p>El \u201cPrograma de Transformaci\u00f3n Digital e Inclusi\u00f3n Educativa\u201d, que permitir\u00e1 ampliar y modernizar la infraestructura del sistema de conectividad, contar\u00e1 con un financiamiento de 124,6 millones de d\u00f3lares: 100 millones financiados por el CAF -Banco de Desarrollo de Am\u00e9rica Latina- y 24,6 millones que aportar\u00e1 la provincia.<\/p>\n<p>&nbsp;<\/p>\n<p>La ejecuci\u00f3n del referido programa, se estructura en cinco componentes: extensi\u00f3n de la Red Provincial de Datos de Santa Fe; fortalecimiento y modernizaci\u00f3n de la infraestructura del sistema educativo provincial; desarrollo de habilidades y competencias digitales para la gesti\u00f3n educativa a distancia; gesti\u00f3n del programa y otros gastos.<\/p>\n<p>&nbsp;<\/p>\n<p>Adem\u00e1s, busca garantizar conectividad de calidad a las 365 localidades de la provincia y tiene por objetivo ampliar y modernizar la infraestructura del sistema de conectividad para promover la inclusi\u00f3n digital, el arraigo, la transformaci\u00f3n educativa, la gesti\u00f3n empresarial y del Estado y la reducci\u00f3n de brechas tecnol\u00f3gicas, productivas y de g\u00e9nero con impacto concreto para el desarrollo sostenible del territorio.<\/p>\n<p>&nbsp;<\/p>\n<p>Con la expansi\u00f3n de 4.000 kil\u00f3metros de fibra \u00f3ptica se beneficiar\u00e1 a m\u00e1s de 3.300.000 de habitantes de la provincia de Santa Fe. Por su impacto y efectos de derrame sobre el ecosistema social, econ\u00f3mico y productivo del territorio se estima que el Programa beneficiar\u00e1 de manera directa, a trav\u00e9s de las trazas troncales de Fibra \u00d3ptica de 10\/40\/100G de ancho de banda, a 200 localidades con 2.757.803 habitantes.<\/p>\n<p>Incluye tambi\u00e9n la construcci\u00f3n de 30 Nodos de Acceso por Radio Enlace de alta capacidad para llegar as\u00ed al resto de las localidades de la provincia con la red de datos, cubriendo de esta manera el 100% de las localidades santafesinas.<\/p>\n<p>Cabe se\u00f1alar que, a trav\u00e9s de esta iniciativa, tambi\u00e9n se contempla que 134 barrios populares de las ciudades de Santa Fe y Rosario tengan acceso al wifi libre. Asimismo, el proyecto incluye la expansi\u00f3n de la infraestructura educativa con la construcci\u00f3n de m\u00e1s de 50 nuevas escuelas con acceso a wifi, en la totalidad de las nueve regiones educativas.<\/p>\n","protected":false},"excerpt":{"rendered":"<p>El gobernador de la provincia, Omar Perotti; y el presidente de la Naci\u00f3n, Alberto Fern\u00e1ndez, firmaron este mi\u00e9rcoles un pr\u00e9stamo con el CAF -Banco de Desarrollo de Am\u00e9rica Latina- para financiar el &#8220;Programa de Inclusi\u00f3n Digital y Transformaci\u00f3n Educativa Santa Fe+Conectada&#8221;. &nbsp; &nbsp; En la oportunidad, Perotti remarc\u00f3 que \u201cdar un salto en la conectividad [&hellip;]<\/p>\n","protected":false},"author":3,"featured_media":31350,"comment_status":"closed","ping_status":"closed","sticky":false,"template":"","format":"standard","meta":{"_joinchat":[],"footnotes":""},"categories":[60],"tags":[],"class_list":{"0":"post-31349","1":"post","2":"type-post","3":"status-publish","4":"format-standard","5":"has-post-thumbnail","7":"category-provinciales"},"_links":{"self":[{"href":"https:\/\/infovera.com.ar\/web\/wp-json\/wp\/v2\/posts\/31349","targetHints":{"allow":["GET"]}}],"collection":[{"href":"https:\/\/infovera.com.ar\/web\/wp-json\/wp\/v2\/posts"}],"about":[{"href":"https:\/\/infovera.com.ar\/web\/wp-json\/wp\/v2\/types\/post"}],"author":[{"embeddable":true,"href":"https:\/\/infovera.com.ar\/web\/wp-json\/wp\/v2\/users\/3"}],"replies":[{"embeddable":true,"href":"https:\/\/infovera.com.ar\/web\/wp-json\/wp\/v2\/comments?post=31349"}],"version-history":[{"count":0,"href":"https:\/\/infovera.com.ar\/web\/wp-json\/wp\/v2\/posts\/31349\/revisions"}],"wp:featuredmedia":[{"embeddable":true,"href":"https:\/\/infovera.com.ar\/web\/wp-json\/wp\/v2\/media\/31350"}],"wp:attachment":[{"href":"https:\/\/infovera.com.ar\/web\/wp-json\/wp\/v2\/media?parent=31349"}],"wp:term":[{"taxonomy":"category","embeddable":true,"href":"https:\/\/infovera.com.ar\/web\/wp-json\/wp\/v2\/categories?post=31349"},{"taxonomy":"post_tag","embeddable":true,"href":"https:\/\/infovera.com.ar\/web\/wp-json\/wp\/v2\/tags?post=31349"}],"curies":[{"name":"wp","href":"https:\/\/api.w.org\/{rel}","templated":true}]}}