{"id":31245,"date":"2022-01-22T20:12:05","date_gmt":"2022-01-22T23:12:05","guid":{"rendered":"https:\/\/infovera.com.ar\/web\/?p=31245"},"modified":"2022-01-24T12:36:01","modified_gmt":"2022-01-24T15:36:01","slug":"murio-electrocutado-cuando-pretendia-robar-cables-de-cobre-de-un-transformador-de-33-mil-voltiosda-la-ciudad-sin-luz","status":"publish","type":"post","link":"https:\/\/infovera.com.ar\/web\/2022\/01\/22\/murio-electrocutado-cuando-pretendia-robar-cables-de-cobre-de-un-transformador-de-33-mil-voltiosda-la-ciudad-sin-luz\/","title":{"rendered":"Muri\u00f3 electrocutado cuando pretend\u00eda robar cables de cobre de un transformador de 33 mil voltios"},"content":{"rendered":"<p><strong>Se trata de Juan Carlos Molina, de 34 a\u00f1os, que adem\u00e1s era un conocido de las noticias policiales.<\/strong><\/p>\n<p>Pasado el mediod\u00eda, se produjo un corte en el suministro el\u00e9ctrico que dej\u00f3 sin luz a toda la ciudad de Vera.<\/p>\n<p>La falla se origin\u00f3 en la rotura de uno de los conductores que traen la energ\u00eda desde Calchaqu\u00ed a esta ciudad cabecera.<\/p>\n<p>Ante ese novedad, de acuerdo a fuentes judiciales consultadas por <strong>InfoVera<\/strong>, Molina aprovech\u00f3 para ingresar a la planta de la Estaci\u00f3n Trasnformadora Vera para sustraer cables de cobre &#8211; para luego reducirlos y venderlos &#8211; de un transformador de 33 voltios ubicado all\u00ed.<\/p>\n<p>No era su d\u00eda de suerte. El flujo el\u00e9ctrico retorn\u00f3 antes de sus previsiones y lo sorprendi\u00f3 en plena tarea delictiva de una temeridad inaudita. El shock el\u00e9ctrico lo fulmin\u00f3 sin darle ninguna chance. Eran las 15 de una siesta t\u00f3rrida.<\/p>\n<p>&#8220;No hay nada que hacer penalmente. El supuesto ladr\u00f3n de cobre de los cables muri\u00f3 porque la energ\u00eda volvi\u00f3 antes de lo que previ\u00f3 o porque le err\u00f3 de sector donde romper&#8221;, grafic\u00f3 el fiscal Aldo Gerosa, a cargo de la investigaci\u00f3n.<\/p>\n<p>&#8220;Se reactiv\u00f3 el servicio, falleci\u00f3 por electrocuci\u00f3n en el transformador de 33.000 voltios, ya que explot\u00f3 y dej\u00f3 sin luz la ciudad&#8221;, agreg\u00f3 el funcionario del MPA.<\/p>\n<p><strong>As\u00ed lo inform\u00f3 la Unidad Regional XIX:<\/strong><\/p>\n<p>S\/MUERTE POR ELECTROCUCI\u00d3N<\/p>\n<p>En fecha 22\/01\/2022, siendo las 15:00 horas, personal policial Secci\u00f3n Comando Radioel\u00e9ctrico y Sumariante en turno Comisar\u00eda 1era, son comisionados en calle Espa\u00f1a al 1900 de esta ciudad, lugar en el que funciona planta transformadora de corriente el\u00e9ctrica, por causas que se tratan de establecer, un masculino se habr\u00eda electrocutado.<\/p>\n<p>En el lugar se hizo presente divisi\u00f3n cient\u00edfica forense A.I.C quienes se abocaron a realizar diligencias de rigor estipulado en el Art. 163 del CPP.<\/p>\n<p>Asimismo, m\u00e9dico en turno Dr. Sacco Iv\u00e1n, constat\u00f3 la muerte del hombre, identificado, mayor de edad (34 a\u00f1os), domiciliado en esta ciudad de Vera.<\/p>\n<p>Se dio conocimiento al fiscal en turno Dr. Aldo Gerosa interiorizado de los pormenores del hecho ordena que el cuerpo sea entregado a sus familiares para su posterior inhumaci\u00f3n. Se prosiguen diligencias.<\/p>\n<p><img loading=\"lazy\" decoding=\"async\" class=\" wp-image-30589 aligncenter\" src=\"https:\/\/infovera.com.ar\/web\/wp-content\/uploads\/2021\/12\/ACOSTaa-1-300x54.jpg\" alt=\"\" width=\"733\" height=\"132\" srcset=\"https:\/\/infovera.com.ar\/web\/wp-content\/uploads\/2021\/12\/ACOSTaa-1-300x54.jpg 300w, https:\/\/infovera.com.ar\/web\/wp-content\/uploads\/2021\/12\/ACOSTaa-1.jpg 670w\" sizes=\"auto, (max-width: 733px) 100vw, 733px\" \/><\/p>\n","protected":false},"excerpt":{"rendered":"<p>Se trata de Juan Carlos Molina, de 34 a\u00f1os, que adem\u00e1s era un conocido de las noticias policiales. Pasado el mediod\u00eda, se produjo un corte en el suministro el\u00e9ctrico que dej\u00f3 sin luz a toda la ciudad de Vera. La falla se origin\u00f3 en la rotura de uno de los conductores que traen la energ\u00eda [&hellip;]<\/p>\n","protected":false},"author":3,"featured_media":31246,"comment_status":"closed","ping_status":"closed","sticky":false,"template":"","format":"standard","meta":{"_joinchat":[],"footnotes":""},"categories":[53],"tags":[],"class_list":{"0":"post-31245","1":"post","2":"type-post","3":"status-publish","4":"format-standard","5":"has-post-thumbnail","7":"category-vera"},"_links":{"self":[{"href":"https:\/\/infovera.com.ar\/web\/wp-json\/wp\/v2\/posts\/31245","targetHints":{"allow":["GET"]}}],"collection":[{"href":"https:\/\/infovera.com.ar\/web\/wp-json\/wp\/v2\/posts"}],"about":[{"href":"https:\/\/infovera.com.ar\/web\/wp-json\/wp\/v2\/types\/post"}],"author":[{"embeddable":true,"href":"https:\/\/infovera.com.ar\/web\/wp-json\/wp\/v2\/users\/3"}],"replies":[{"embeddable":true,"href":"https:\/\/infovera.com.ar\/web\/wp-json\/wp\/v2\/comments?post=31245"}],"version-history":[{"count":0,"href":"https:\/\/infovera.com.ar\/web\/wp-json\/wp\/v2\/posts\/31245\/revisions"}],"wp:featuredmedia":[{"embeddable":true,"href":"https:\/\/infovera.com.ar\/web\/wp-json\/wp\/v2\/media\/31246"}],"wp:attachment":[{"href":"https:\/\/infovera.com.ar\/web\/wp-json\/wp\/v2\/media?parent=31245"}],"wp:term":[{"taxonomy":"category","embeddable":true,"href":"https:\/\/infovera.com.ar\/web\/wp-json\/wp\/v2\/categories?post=31245"},{"taxonomy":"post_tag","embeddable":true,"href":"https:\/\/infovera.com.ar\/web\/wp-json\/wp\/v2\/tags?post=31245"}],"curies":[{"name":"wp","href":"https:\/\/api.w.org\/{rel}","templated":true}]}}