{"id":31214,"date":"2022-01-20T17:50:49","date_gmt":"2022-01-20T20:50:49","guid":{"rendered":"https:\/\/infovera.com.ar\/web\/?p=31214"},"modified":"2022-01-20T17:50:49","modified_gmt":"2022-01-20T20:50:49","slug":"cronograma-de-pago-de-las-pensiones-sociales-6","status":"publish","type":"post","link":"https:\/\/infovera.com.ar\/web\/2022\/01\/20\/cronograma-de-pago-de-las-pensiones-sociales-6\/","title":{"rendered":"Cronograma de pago de las pensiones sociales"},"content":{"rendered":"<p><strong>Se abonar\u00e1n el 28 de enero.<\/strong><\/p>\n<p>El Ministerio de Econom\u00eda de la provincia dio a conocer la fecha de pagos de las pensiones sociales, Ley 5110, expresos por razones pol\u00edticas (Ley N\u00b0 13.298), madres de v\u00edctimas del terrorismo de Estado (Ley 13.330), y excombatientes de Malvinas, correspondientes al mes de enero.<\/p>\n<p>Los mismos se efectuar\u00e1n el viernes 28 de enero.<\/p>\n","protected":false},"excerpt":{"rendered":"<p>Se abonar\u00e1n el 28 de enero. El Ministerio de Econom\u00eda de la provincia dio a conocer la fecha de pagos de las pensiones sociales, Ley 5110, expresos por razones pol\u00edticas (Ley N\u00b0 13.298), madres de v\u00edctimas del terrorismo de Estado (Ley 13.330), y excombatientes de Malvinas, correspondientes al mes de enero. Los mismos se efectuar\u00e1n [&hellip;]<\/p>\n","protected":false},"author":3,"featured_media":18557,"comment_status":"closed","ping_status":"closed","sticky":false,"template":"","format":"standard","meta":{"_joinchat":[],"footnotes":""},"categories":[60],"tags":[],"class_list":{"0":"post-31214","1":"post","2":"type-post","3":"status-publish","4":"format-standard","5":"has-post-thumbnail","7":"category-provinciales"},"_links":{"self":[{"href":"https:\/\/infovera.com.ar\/web\/wp-json\/wp\/v2\/posts\/31214","targetHints":{"allow":["GET"]}}],"collection":[{"href":"https:\/\/infovera.com.ar\/web\/wp-json\/wp\/v2\/posts"}],"about":[{"href":"https:\/\/infovera.com.ar\/web\/wp-json\/wp\/v2\/types\/post"}],"author":[{"embeddable":true,"href":"https:\/\/infovera.com.ar\/web\/wp-json\/wp\/v2\/users\/3"}],"replies":[{"embeddable":true,"href":"https:\/\/infovera.com.ar\/web\/wp-json\/wp\/v2\/comments?post=31214"}],"version-history":[{"count":0,"href":"https:\/\/infovera.com.ar\/web\/wp-json\/wp\/v2\/posts\/31214\/revisions"}],"wp:featuredmedia":[{"embeddable":true,"href":"https:\/\/infovera.com.ar\/web\/wp-json\/wp\/v2\/media\/18557"}],"wp:attachment":[{"href":"https:\/\/infovera.com.ar\/web\/wp-json\/wp\/v2\/media?parent=31214"}],"wp:term":[{"taxonomy":"category","embeddable":true,"href":"https:\/\/infovera.com.ar\/web\/wp-json\/wp\/v2\/categories?post=31214"},{"taxonomy":"post_tag","embeddable":true,"href":"https:\/\/infovera.com.ar\/web\/wp-json\/wp\/v2\/tags?post=31214"}],"curies":[{"name":"wp","href":"https:\/\/api.w.org\/{rel}","templated":true}]}}