{"id":31202,"date":"2022-01-20T17:40:01","date_gmt":"2022-01-20T20:40:01","guid":{"rendered":"https:\/\/infovera.com.ar\/web\/?p=31202"},"modified":"2022-01-22T20:50:51","modified_gmt":"2022-01-22T23:50:51","slug":"se-invirtieron-2-200-millones-para-la-inclusion-socioproductiva-de-jovenes-santafesinos","status":"publish","type":"post","link":"https:\/\/infovera.com.ar\/web\/2022\/01\/20\/se-invirtieron-2-200-millones-para-la-inclusion-socioproductiva-de-jovenes-santafesinos\/","title":{"rendered":"Santa Fe M\u00e1s: se invirtieron $ 2.200 millones para la inclusi\u00f3n socioproductiva de j\u00f3venes santafesinos"},"content":{"rendered":"<p><strong>Fue a trav\u00e9s del programa que se instrumenta en los 19 departamentos del territorio santafesino. Se dictan 1.700 talleres de capacitaci\u00f3n para la inclusi\u00f3n socioproductiva de m\u00e1s de 26.000 j\u00f3venes entre 16 y 30 a\u00f1os.<\/strong><\/p>\n<p>El ministerio de Desarrollo Social instrument\u00f3, en el transcurso de 2021, m\u00e1s de 1.700 talleres de capacitaci\u00f3n en oficios y servicios para m\u00e1s de 26.000 j\u00f3venes j\u00f3venes entre 16 y 30 a\u00f1os.<\/p>\n<p>El ministerio de Desarrollo Social, a trav\u00e9s del programa Santa Fe M\u00e1s, aprender haciendo, instrument\u00f3 en el transcurso de 2021, m\u00e1s de 1.700 talleres de capacitaci\u00f3n en oficios y servicios para m\u00e1s de 26.000 j\u00f3venes j\u00f3venes entre 16 y 30 a\u00f1os.<\/p>\n<p>Los mismos se desarrollaron en 213 localidades de los 19 departamentos de la provincia de Santa Fe.<\/p>\n<p>Al respecto, el ministro de Desarrollo Social, Danilo Capitani, resalt\u00f3: \u201cA trav\u00e9s de la transferencia de recursos, m\u00e1s de 2.200 millones de pesos, nuestra meta es que las y los j\u00f3venes aprendan un oficio y puedan consolidarlo con un trabajo, con una actividad productiva o una prestaci\u00f3n de servicios en el corto plazo\u201d.<\/p>\n<p>Y destac\u00f3: \u201cHoy el programa es realmente provincial, llega a los 19 departamentos sin distinci\u00f3n de color pol\u00edtico, en m\u00e1s de 210 municipios y comunas de toda la provincia, fundamentalmente con esta idea de aprender haciendo. Mientras nuestros j\u00f3venes se capacitan, aprenden a llevar adelante un oficio para poder vincularse con el mundo del trabajo\u201d.<\/p>\n<p>Por otro lado, el secretario de Desarrollo Territorial, Fernando Mazziotta, afirm\u00f3: \u201cDesde nuestra gesti\u00f3n, el programa Santa Fe M\u00e1s es una de las herramientas m\u00e1s importantes con las que contamos para el restablecimiento de derechos de las juventudes, generando \u00e1mbitos de capacitaci\u00f3n laboral y acercamiento al mundo del trabajo\u201d<\/p>\n<p>Por su parte, el director provincial de Desarrollo Territorial, Camilo Scaglia, explic\u00f3: \u201cQueremos destacar que la oferta de talleres que impulsamos desde el Santa Fe M\u00e1s encuentra una estrecha relaci\u00f3n entre los intereses de las y los j\u00f3venes, y la demanda de las econom\u00edas locales en cuanto a mano de obra calificada, y bienes y servicios por comercializar\u201d.<\/p>\n<p>Los talleres de capacitaci\u00f3n abarcan diversidad de rubros y tem\u00e1ticas. Ejemplo de ello son los relacionados con oficios como la construcci\u00f3n de viviendas, iniciaci\u00f3n a la soldadura, mec\u00e1nica pesada, tapicer\u00eda, carpinter\u00eda, como as\u00ed tambi\u00e9n, textiles de corte y confecci\u00f3n, cocina, huerta agroecol\u00f3gica o apicultura.<\/p>\n<p>Tambi\u00e9n podemos destacar los talleres de capacitaci\u00f3n en servicios orientados a la comunidad; para el cuidado de ni\u00f1os y ni\u00f1as, cadeter\u00eda y delivery, gesti\u00f3n administrativa, community manager, y gesti\u00f3n ambiental.<\/p>\n<p>Aprender haciendo<\/p>\n<p>Est\u00e1 destinado a j\u00f3venes de entre 16 y 30 a\u00f1os que se encuentran por fuera de los circuitos formales educativos y laborales de la provincia de Santa Fe.<\/p>\n<p>Busca promover la inclusi\u00f3n socioecon\u00f3mica y el desarrollo productivo regional. Tambi\u00e9n permite mejorar la calidad de vida, reducir las violencias y reconstruir v\u00ednculos comunitarios en el territorio.<\/p>\n<p>Para esto, el gobierno provincial trabaja en conjunto con sindicatos, empresas y organizaciones de la sociedad civil locales.<\/p>\n","protected":false},"excerpt":{"rendered":"<p>Fue a trav\u00e9s del programa que se instrumenta en los 19 departamentos del territorio santafesino. Se dictan 1.700 talleres de capacitaci\u00f3n para la inclusi\u00f3n socioproductiva de m\u00e1s de 26.000 j\u00f3venes entre 16 y 30 a\u00f1os. El ministerio de Desarrollo Social instrument\u00f3, en el transcurso de 2021, m\u00e1s de 1.700 talleres de capacitaci\u00f3n en oficios y [&hellip;]<\/p>\n","protected":false},"author":3,"featured_media":31209,"comment_status":"closed","ping_status":"closed","sticky":false,"template":"","format":"standard","meta":{"_joinchat":[],"footnotes":""},"categories":[60],"tags":[],"class_list":{"0":"post-31202","1":"post","2":"type-post","3":"status-publish","4":"format-standard","5":"has-post-thumbnail","7":"category-provinciales"},"_links":{"self":[{"href":"https:\/\/infovera.com.ar\/web\/wp-json\/wp\/v2\/posts\/31202","targetHints":{"allow":["GET"]}}],"collection":[{"href":"https:\/\/infovera.com.ar\/web\/wp-json\/wp\/v2\/posts"}],"about":[{"href":"https:\/\/infovera.com.ar\/web\/wp-json\/wp\/v2\/types\/post"}],"author":[{"embeddable":true,"href":"https:\/\/infovera.com.ar\/web\/wp-json\/wp\/v2\/users\/3"}],"replies":[{"embeddable":true,"href":"https:\/\/infovera.com.ar\/web\/wp-json\/wp\/v2\/comments?post=31202"}],"version-history":[{"count":0,"href":"https:\/\/infovera.com.ar\/web\/wp-json\/wp\/v2\/posts\/31202\/revisions"}],"wp:featuredmedia":[{"embeddable":true,"href":"https:\/\/infovera.com.ar\/web\/wp-json\/wp\/v2\/media\/31209"}],"wp:attachment":[{"href":"https:\/\/infovera.com.ar\/web\/wp-json\/wp\/v2\/media?parent=31202"}],"wp:term":[{"taxonomy":"category","embeddable":true,"href":"https:\/\/infovera.com.ar\/web\/wp-json\/wp\/v2\/categories?post=31202"},{"taxonomy":"post_tag","embeddable":true,"href":"https:\/\/infovera.com.ar\/web\/wp-json\/wp\/v2\/tags?post=31202"}],"curies":[{"name":"wp","href":"https:\/\/api.w.org\/{rel}","templated":true}]}}