{"id":31180,"date":"2022-01-19T20:10:00","date_gmt":"2022-01-19T23:10:00","guid":{"rendered":"https:\/\/infovera.com.ar\/web\/?p=31180"},"modified":"2022-01-19T20:10:00","modified_gmt":"2022-01-19T23:10:00","slug":"informan-110-nuevos-casos-de-covid-en-el-departamento-vera","status":"publish","type":"post","link":"https:\/\/infovera.com.ar\/web\/2022\/01\/19\/informan-110-nuevos-casos-de-covid-en-el-departamento-vera\/","title":{"rendered":"Informan 110 nuevos casos de COVID en el Departamento Vera"},"content":{"rendered":"<p>VERA<br \/>\n<span style=\"color: #ff0000;\"><strong>Positivos nuevos 24<\/strong><\/span><br \/>\nAltas 19<br \/>\nPositivos activos 43<br \/>\nInternados 6 (en el Hospital local).<\/p>\n<p>CALCHAQUI<br \/>\n<span style=\"color: #ff0000;\"><strong>Positivos nuevos 23<\/strong><\/span><br \/>\nAltas 4<br \/>\nPositivos activos 84<\/p>\n<p>MARGARITA<br \/>\n<strong><span style=\"color: #ff0000;\">Positivos nuevos 11<\/span><\/strong><br \/>\nAltas 12<br \/>\nPositivos activos 24 (vacunaci\u00f3n completa).<\/p>\n<p>LA GALLARETA<br \/>\n<span style=\"color: #ff0000;\"><strong>Positivos nuevos 11<\/strong><\/span><br \/>\nAltas 19<br \/>\nPositivos activos 58<br \/>\nInternado 1 (en el Samco local).<\/p>\n<p>FORTIN OLMOS<br \/>\n<span style=\"color: #ff0000;\"><strong>Positivos nuevos 9<\/strong><\/span><br \/>\nAltas 2<br \/>\nPositivos activos 44 (9 vacunaci\u00f3n completa).<\/p>\n<p>INTIYACO<br \/>\n<span style=\"color: #ff0000;\"><strong>Positivos nuevos 3<\/strong><\/span><br \/>\nAltas 7<br \/>\nPositivos activos 22 (18 vacunaci\u00f3n completa. 3 vacunaci\u00f3n incompleta. 1 sin vacunaci\u00f3n).<\/p>\n<p>COLMENA<br \/>\nPositivos nuevos 0<br \/>\nAltas 0<br \/>\nPositivos activos 0<\/p>\n<p>GARABATO<br \/>\n<span style=\"color: #ff0000;\"><strong>Positivos nuevos 4<\/strong><\/span><br \/>\nAltas 6<br \/>\nPositivos activos 31<\/p>\n<p>TARTAGAL<br \/>\nPositivos nuevos 0<br \/>\nAltas 7<br \/>\nPositivos activos 6<\/p>\n<p>TOBA<br \/>\nPositivos nuevos 0<br \/>\nAltas 0<br \/>\nPositivos activos 4 (vacunaci\u00f3n completa).<\/p>\n<p>GOLONDRINA<br \/>\n<span style=\"color: #ff0000;\"><strong>Positivos nuevos 1<\/strong><\/span> (vacunaci\u00f3n incompleta).<br \/>\nAltas 0<br \/>\nPositivos activos 2<\/p>\n<p>LOS AMORES<br \/>\nPositivos nuevos 0<br \/>\nAltas 0<br \/>\nPositivos activos 3<\/p>\n<p>LOS TABANOS<br \/>\n<span style=\"color: #ff0000;\"><strong>Positivos nuevos 2<\/strong><\/span><br \/>\nAltas 0<br \/>\nPositivos activos 2<\/p>\n","protected":false},"excerpt":{"rendered":"<p>VERA Positivos nuevos 24 Altas 19 Positivos activos 43 Internados 6 (en el Hospital local). CALCHAQUI Positivos nuevos 23 Altas 4 Positivos activos 84 MARGARITA Positivos nuevos 11 Altas 12 Positivos activos 24 (vacunaci\u00f3n completa). LA GALLARETA Positivos nuevos 11 Altas 19 Positivos activos 58 Internado 1 (en el Samco local). FORTIN OLMOS Positivos nuevos [&hellip;]<\/p>\n","protected":false},"author":3,"featured_media":0,"comment_status":"closed","ping_status":"closed","sticky":false,"template":"","format":"standard","meta":{"_joinchat":[],"footnotes":""},"categories":[53],"tags":[],"class_list":{"0":"post-31180","1":"post","2":"type-post","3":"status-publish","4":"format-standard","6":"category-vera"},"_links":{"self":[{"href":"https:\/\/infovera.com.ar\/web\/wp-json\/wp\/v2\/posts\/31180","targetHints":{"allow":["GET"]}}],"collection":[{"href":"https:\/\/infovera.com.ar\/web\/wp-json\/wp\/v2\/posts"}],"about":[{"href":"https:\/\/infovera.com.ar\/web\/wp-json\/wp\/v2\/types\/post"}],"author":[{"embeddable":true,"href":"https:\/\/infovera.com.ar\/web\/wp-json\/wp\/v2\/users\/3"}],"replies":[{"embeddable":true,"href":"https:\/\/infovera.com.ar\/web\/wp-json\/wp\/v2\/comments?post=31180"}],"version-history":[{"count":0,"href":"https:\/\/infovera.com.ar\/web\/wp-json\/wp\/v2\/posts\/31180\/revisions"}],"wp:attachment":[{"href":"https:\/\/infovera.com.ar\/web\/wp-json\/wp\/v2\/media?parent=31180"}],"wp:term":[{"taxonomy":"category","embeddable":true,"href":"https:\/\/infovera.com.ar\/web\/wp-json\/wp\/v2\/categories?post=31180"},{"taxonomy":"post_tag","embeddable":true,"href":"https:\/\/infovera.com.ar\/web\/wp-json\/wp\/v2\/tags?post=31180"}],"curies":[{"name":"wp","href":"https:\/\/api.w.org\/{rel}","templated":true}]}}