{"id":31177,"date":"2022-01-19T18:01:35","date_gmt":"2022-01-19T21:01:35","guid":{"rendered":"https:\/\/infovera.com.ar\/web\/?p=31177"},"modified":"2022-01-19T18:01:35","modified_gmt":"2022-01-19T21:01:35","slug":"clara-garcia-el-aumento-del-60-que-pide-assa-es-excesivo-y-no-contempla-avances-en-tarifa-social","status":"publish","type":"post","link":"https:\/\/infovera.com.ar\/web\/2022\/01\/19\/clara-garcia-el-aumento-del-60-que-pide-assa-es-excesivo-y-no-contempla-avances-en-tarifa-social\/","title":{"rendered":"Clara Garc\u00eda: \u201cEl aumento del 60% que pide ASSA es excesivo y no contempla avances en tarifa social\u201d"},"content":{"rendered":"<p>La diputada provincial Clara Garc\u00eda (FPCyS-Socialistas) sostuvo que el aumento del 60% en la tarifa del servicio de agua potable solicitado por ASSA (Aguas Santafesinas SA) es \u201cexcesivo\u201d y consider\u00f3 que la propuesta de la empresa provincial \u201cdeja de lado distintas capacidades de financiamiento de las que podr\u00eda disponer\u201d.<\/p>\n<p>La legisladora particip\u00f3 de la audiencia p\u00fablica convocada por el directorio del Ente Regulador de Servicios Sanitarios (Enress) para determinar los pr\u00f3ximos reajustes tarifarios y, en ese marco, tambi\u00e9n se refiri\u00f3 de manera cr\u00edtica sobre otras cuestiones, entre ellas, la micromedici\u00f3n domiciliaria del consumo.<\/p>\n<p>\u201cEn este tiempo de pandemia, de tanta necesidad del uso eficiente del agua, no podemos definir esta tarifa como contraprestaci\u00f3n de un servicio, cuando en la mayor\u00eda de los casos se cobra por un consumo estimado en relaci\u00f3n a la dimensi\u00f3n de la propiedad\u201d, se\u00f1al\u00f3 Garc\u00eda y apunt\u00f3 contra \u201cla disminuci\u00f3n tan abrupta que ha habido en la colocaci\u00f3n de micromedidores, que sin dudas atenta contra la equidad y la responsabilidad del uso del agua\u201d.<\/p>\n<p>Tambi\u00e9n reclam\u00f3 un marco normativo adecuado que defina los alcances de la tarifa social: \u201cHoy es m\u00ednima la cantidad de gente que accede a este beneficio. Presentamos un proyecto hace m\u00e1s de un a\u00f1o y medio para que ASSA tenga una tarifa social, bas\u00e1ndonos entre otros en el art\u00edculo 4to. del Decreto 283\/20, que establec\u00eda quienes eran los usuarios que por una determinada condici\u00f3n social no se le cortaba el suministro aunque tuvieran deudas, como por ejemplo quienes cobran la Asignaci\u00f3n Universal por Hijo (AUH). Ser\u00eda una compensaci\u00f3n justa.\u201d, se\u00f1al\u00f3.<\/p>\n<p>A su vez, la legisladora reclam\u00f3 \u201cun programa de envergadura para aumentar las conexiones en los barrios vulnerables. En nuestro gobierno fue el programa \u201cLuz y Agua Segura\u201d; ahora podr\u00e1 tener otro nombre pero comparto el pedido de la Oficina del Consumidor. Debe haber una estrategia seria de inclusi\u00f3n de esas familias que requieren que el agua est\u00e9 disponible de manera segura\u201d.<\/p>\n<p>En materia de obras de infraestructura, Garc\u00eda se refiri\u00f3 a la sequ\u00eda y bajante del r\u00edo Paran\u00e1, y si bien reconoci\u00f3 la realizaci\u00f3n de trabajos coyunturales consider\u00f3 que \u201cfalta un programa estrat\u00e9gico para hacer frente al cambio clim\u00e1tico y a la nueva realidad de cursos de aguas muy escasos o secos que ha venido para quedarse por un tiempo. Esta situaci\u00f3n va a requerir de proyectos que exceden a ASSA como prestadora y que corren por cuenta de la provincia en tanto responsable de las grandes infraestructuras\u201d, advirti\u00f3.<\/p>\n<p>Asimismo, critic\u00f3 la \u201causencia de federalismo\u201d al comparar los recursos que presupuesto nacional otorga a ASSA y a AySA, empresa que atiende a la Ciudad Aut\u00f3noma de Buenos Aires y a 26 localidades del conurbano bonaerense. \u201cEn noviembre el presupuesto nacional tuvo un ajuste que implic\u00f3 64.000 millones de pesos adicionales para AySA en concepto de obras y equipamiento. Para 2022, tiene asignado otros 133.000 millones, una cifra cercana a la deuda que tiene el gobierno nacional con la provincia de Santa Fe. Es decir que en solo un a\u00f1o AySA se lleva un monto que podr\u00eda ser la deuda de coparticipaci\u00f3n de los santafesinos y santafesinas\u201d.<\/p>\n<p><strong>ESCASA RESPUESTA A LOS LEGISLADORES \u00a0<\/strong><\/p>\n<p>En su alocuci\u00f3n, Garc\u00eda remarc\u00f3 que la C\u00e1mara de Diputadas y Diputados \u201cse expresa a trav\u00e9s de leyes, comunicaciones y pedidos de informes que tienen una responsabilidad institucional\u201d.<\/p>\n<p>\u201cEn estos dos a\u00f1os votamos 15 iniciativas y 11 est\u00e1n sin respuesta, entre ellas la de la tarifa social. Les solicitamos a las autoridades que atiendan lo que se vota en la C\u00e1mara baja\u201d, reclam\u00f3.<\/p>\n<p>En ese orden, tambi\u00e9n solicit\u00f3 que se tenga en cuenta y analice un proyecto presentado por el diputado Jos\u00e9 Garibay junto a otros legisladores \u201cpara constituir ASSE, la empresa de aguas como Sociedad del Estado y desarrolar toda la gesti\u00f3n, el marco normativo y la prestaci\u00f3n de servicios bajo esa figura. Cuando impulsamos la reforma de la Constituci\u00f3n ya lo hab\u00edamos propuesto para la provisi\u00f3n del agua e, inclusive, el manejo de los acueductos\u201d, record\u00f3.<\/p>\n","protected":false},"excerpt":{"rendered":"<p>La diputada provincial Clara Garc\u00eda (FPCyS-Socialistas) sostuvo que el aumento del 60% en la tarifa del servicio de agua potable solicitado por ASSA (Aguas Santafesinas SA) es \u201cexcesivo\u201d y consider\u00f3 que la propuesta de la empresa provincial \u201cdeja de lado distintas capacidades de financiamiento de las que podr\u00eda disponer\u201d. La legisladora particip\u00f3 de la audiencia [&hellip;]<\/p>\n","protected":false},"author":3,"featured_media":31178,"comment_status":"closed","ping_status":"closed","sticky":false,"template":"","format":"standard","meta":{"_joinchat":[],"footnotes":""},"categories":[60],"tags":[],"class_list":{"0":"post-31177","1":"post","2":"type-post","3":"status-publish","4":"format-standard","5":"has-post-thumbnail","7":"category-provinciales"},"_links":{"self":[{"href":"https:\/\/infovera.com.ar\/web\/wp-json\/wp\/v2\/posts\/31177","targetHints":{"allow":["GET"]}}],"collection":[{"href":"https:\/\/infovera.com.ar\/web\/wp-json\/wp\/v2\/posts"}],"about":[{"href":"https:\/\/infovera.com.ar\/web\/wp-json\/wp\/v2\/types\/post"}],"author":[{"embeddable":true,"href":"https:\/\/infovera.com.ar\/web\/wp-json\/wp\/v2\/users\/3"}],"replies":[{"embeddable":true,"href":"https:\/\/infovera.com.ar\/web\/wp-json\/wp\/v2\/comments?post=31177"}],"version-history":[{"count":0,"href":"https:\/\/infovera.com.ar\/web\/wp-json\/wp\/v2\/posts\/31177\/revisions"}],"wp:featuredmedia":[{"embeddable":true,"href":"https:\/\/infovera.com.ar\/web\/wp-json\/wp\/v2\/media\/31178"}],"wp:attachment":[{"href":"https:\/\/infovera.com.ar\/web\/wp-json\/wp\/v2\/media?parent=31177"}],"wp:term":[{"taxonomy":"category","embeddable":true,"href":"https:\/\/infovera.com.ar\/web\/wp-json\/wp\/v2\/categories?post=31177"},{"taxonomy":"post_tag","embeddable":true,"href":"https:\/\/infovera.com.ar\/web\/wp-json\/wp\/v2\/tags?post=31177"}],"curies":[{"name":"wp","href":"https:\/\/api.w.org\/{rel}","templated":true}]}}