{"id":31169,"date":"2022-01-19T17:49:32","date_gmt":"2022-01-19T20:49:32","guid":{"rendered":"https:\/\/infovera.com.ar\/web\/?p=31169"},"modified":"2022-01-20T18:26:01","modified_gmt":"2022-01-20T21:26:01","slug":"siempre-voy-a-estar-a-disposicion-si-me-necesitan","status":"publish","type":"post","link":"https:\/\/infovera.com.ar\/web\/2022\/01\/19\/siempre-voy-a-estar-a-disposicion-si-me-necesitan\/","title":{"rendered":"Dra. Teresita Barreto: &#8220;Siempre voy a estar a disposici\u00f3n si me necesitan&#8221;"},"content":{"rendered":"<p><strong>Entrevista a la doctora Teresita Barreto, quien fuera directora del SAMCo La Gallareta en los a\u00f1os 90. Reconocida por su trato afectivo y humano con sus pacientes, hoy jubilada de la salud p\u00fablica nos cuenta los aprendizajes de su paso por La Gallareta.<\/strong><\/p>\n<p><strong>\u00bfNos podr\u00eda contar c\u00f3mo fue su llegada La Gallareta?<\/strong><\/p>\n<p>Llegu\u00e9 a La Gallareta en el a\u00f1o 1990, me llevaron para trabajar en las cl\u00ednicas psiqui\u00e1tricas que todav\u00eda existen en el pueblo. Hab\u00eda faltante de m\u00e9dicos, entonces me ofrecieron trabajar en la salud p\u00fablica, empec\u00e9 y al poco tiempo me nombraron directora del SAMCo, como lo establece la ley provincial 6312. En mi tiempo en La Gallareta practicaba mucho atender a los pacientes en sus domicilios, creo que el trato humano es fundamental para que sanen, ahora la pr\u00e1ctica de la medicina a domicilio casi desapareci\u00f3.<\/p>\n<p><strong>\u00bfQu\u00e9 problem\u00e1ticas afront\u00f3en salud cuando se hizo cargo del SAMCo?<\/strong><\/p>\n<p>Fui nombrada por falta de m\u00e9dicos, hab\u00edan sido sancionados. As\u00ed que podr\u00e1n darse una idea de c\u00f3mo estaban las cosas.<\/p>\n<p><strong>La gente del pueblo la recuerda con mucho afecto y reconocen el trato humano que usted ten\u00eda con los pacientes \u00bfCu\u00e1ntos a\u00f1os estuvo en La Gallareta?<\/strong><\/p>\n<p>Estuve diez a\u00f1os de mi vida en La Gallareta, tuve muchas vivencias, tengo muchos amigos que son eternos y a\u00fan conservo pacientes. Hacer medicina y tener sensibilidad me abri\u00f3 el coraz\u00f3n del pueblo. Mucha gente me sigui\u00f3 y sigue consultando, estoy predispuesta siempre a colaborar.<\/p>\n<p><strong>\u00bfQu\u00e9 representa La Gallareta en su carrera y en su vida?<\/strong><\/p>\n<p>La Gallareta significa para m\u00ed una gran experiencia humana, una parte de m\u00ed se hizo all\u00ed y otra importante dej\u00e9 trabajando y viviendo.<\/p>\n<p><strong>Sabemos que se fue del pueblo en medio de un montaje de una operaci\u00f3n pol\u00edtica en su contra, hubo muchas mentiras que se instalaron como verdades \u00bfNos contar\u00eda qu\u00e9 pas\u00f3 en aquel momento?<\/strong><\/p>\n<p>La Gallareta marc\u00f3 mi vida. En aquel momento sufr\u00ed problemas legales por injurias, pas\u00e9 por un sumario que fue por pol\u00edtica, nunca me echaron de la salud p\u00fablica, me jubil\u00e9 trabajando. Fueron problemas pol\u00edticos de aquellos a\u00f1os. Cuando asumi\u00f3 el gobernador Binner, me busc\u00f3, me pidi\u00f3 disculpas y regulariz\u00f3 la situaci\u00f3n. De todas maneras solo quiero decirles que fue una parte muy buena de vida y lo siento por las personas que me de\u00f1aron.<\/p>\n<p>Sal\u00ed sobrese\u00edda gracias a las letras del doctor Bossio al finalizar la auditor\u00eda, donde me felicitaba por la buena conducci\u00f3n, tengo pruebas. Mis mejores testigos fueron \u201cLito\u201d Folla y Carlos Monz\u00f3n, trabajadores del SAMCo, mucha gente del pueblo testific\u00f3, me recuerdo que algunas de ellas son Ramona Mendoza y Lilian Barrio.<\/p>\n<p>No importa el da\u00f1o que me hicieron porque hay chicos que nacieron conmigo, tengo m\u00e1s de cien partos hechos en diez a\u00f1os, tal vez muchos de ellos sean padres y madres.<\/p>\n<p><strong>\u00bfLe gustar\u00eda volver a ejercer en La Gallareta?<\/strong><\/p>\n<p>Si me necesitan lo har\u00eda. A m\u00ed me dieron una mano grande, con gusto la devolver\u00eda. Los quiero con todo mi afecto, siempre voy a estar a disposici\u00f3n si me necesiten. Yo ya me jubil\u00e9 en salud p\u00fablica pero eso no afecta mi carrera en salud privada. Muchas gracias por recordarme; los abrazo fuerte.<\/p>\n<p><img loading=\"lazy\" decoding=\"async\" class=\" wp-image-31171 aligncenter\" src=\"https:\/\/infovera.com.ar\/web\/wp-content\/uploads\/2022\/01\/sanco-300x225.jpg\" alt=\"\" width=\"623\" height=\"467\" srcset=\"https:\/\/infovera.com.ar\/web\/wp-content\/uploads\/2022\/01\/sanco-300x225.jpg 300w, https:\/\/infovera.com.ar\/web\/wp-content\/uploads\/2022\/01\/sanco-80x60.jpg 80w, https:\/\/infovera.com.ar\/web\/wp-content\/uploads\/2022\/01\/sanco-265x198.jpg 265w, https:\/\/infovera.com.ar\/web\/wp-content\/uploads\/2022\/01\/sanco-560x420.jpg 560w, https:\/\/infovera.com.ar\/web\/wp-content\/uploads\/2022\/01\/sanco.jpg 640w\" sizes=\"auto, (max-width: 623px) 100vw, 623px\" \/><\/p>\n","protected":false},"excerpt":{"rendered":"<p>Entrevista a la doctora Teresita Barreto, quien fuera directora del SAMCo La Gallareta en los a\u00f1os 90. Reconocida por su trato afectivo y humano con sus pacientes, hoy jubilada de la salud p\u00fablica nos cuenta los aprendizajes de su paso por La Gallareta. \u00bfNos podr\u00eda contar c\u00f3mo fue su llegada La Gallareta? Llegu\u00e9 a La [&hellip;]<\/p>\n","protected":false},"author":3,"featured_media":31170,"comment_status":"closed","ping_status":"closed","sticky":false,"template":"","format":"standard","meta":{"_joinchat":[],"footnotes":""},"categories":[51],"tags":[],"class_list":{"0":"post-31169","1":"post","2":"type-post","3":"status-publish","4":"format-standard","5":"has-post-thumbnail","7":"category-locales"},"_links":{"self":[{"href":"https:\/\/infovera.com.ar\/web\/wp-json\/wp\/v2\/posts\/31169","targetHints":{"allow":["GET"]}}],"collection":[{"href":"https:\/\/infovera.com.ar\/web\/wp-json\/wp\/v2\/posts"}],"about":[{"href":"https:\/\/infovera.com.ar\/web\/wp-json\/wp\/v2\/types\/post"}],"author":[{"embeddable":true,"href":"https:\/\/infovera.com.ar\/web\/wp-json\/wp\/v2\/users\/3"}],"replies":[{"embeddable":true,"href":"https:\/\/infovera.com.ar\/web\/wp-json\/wp\/v2\/comments?post=31169"}],"version-history":[{"count":0,"href":"https:\/\/infovera.com.ar\/web\/wp-json\/wp\/v2\/posts\/31169\/revisions"}],"wp:featuredmedia":[{"embeddable":true,"href":"https:\/\/infovera.com.ar\/web\/wp-json\/wp\/v2\/media\/31170"}],"wp:attachment":[{"href":"https:\/\/infovera.com.ar\/web\/wp-json\/wp\/v2\/media?parent=31169"}],"wp:term":[{"taxonomy":"category","embeddable":true,"href":"https:\/\/infovera.com.ar\/web\/wp-json\/wp\/v2\/categories?post=31169"},{"taxonomy":"post_tag","embeddable":true,"href":"https:\/\/infovera.com.ar\/web\/wp-json\/wp\/v2\/tags?post=31169"}],"curies":[{"name":"wp","href":"https:\/\/api.w.org\/{rel}","templated":true}]}}