{"id":31139,"date":"2022-01-18T20:49:24","date_gmt":"2022-01-18T23:49:24","guid":{"rendered":"https:\/\/infovera.com.ar\/web\/?p=31139"},"modified":"2022-01-18T20:49:24","modified_gmt":"2022-01-18T23:49:24","slug":"nuevos-casos-de-covid-y-un-fallecido-sin-vacunacion","status":"publish","type":"post","link":"https:\/\/infovera.com.ar\/web\/2022\/01\/18\/nuevos-casos-de-covid-y-un-fallecido-sin-vacunacion\/","title":{"rendered":"Nuevos casos de COVID y un fallecido sin vacunaci\u00f3n"},"content":{"rendered":"<p>VERA<br \/>\n<span style=\"color: #ff0000;\"><strong>Positivos nuevos 21<\/strong><\/span><br \/>\nAltas 19<br \/>\nPositivos activos 38<br \/>\nInternados 3<br \/>\n<strong>Fallecido 1 (sin vacunaci\u00f3n).<\/strong><\/p>\n<p>CALCHAQUI<br \/>\n<span style=\"color: #ff0000;\"><strong>Positivos nuevos 33<\/strong><\/span><br \/>\nAltas 11<br \/>\nPositivos activos 65<\/p>\n<p>MARGARITA<br \/>\nPositivos nuevos 0<br \/>\nAltas 10<br \/>\nPositivos activos 25<\/p>\n<p>LA GALLARETA<br \/>\n<strong><span style=\"color: #ff0000;\">Positivos nuevos 4<\/span><\/strong> (se esperan 3 resultados por PCR).<br \/>\nAltas 0<br \/>\nPositivos activos 66<\/p>\n<p>FORTIN OLMOS<br \/>\n<span style=\"color: #ff0000;\"><strong>Positivos nuevos 3<\/strong><\/span><br \/>\nAltas 8<br \/>\nPositivos activos 37 (adultos vacunaci\u00f3n completa).<\/p>\n<p>INTIYACO<br \/>\n<span style=\"color: #ff0000;\"><strong>Positivos nuevos 3<\/strong><\/span><br \/>\nAltas 7<br \/>\nPositivos activos 19 (15 vacunaci\u00f3n completa. 3 vacunaci\u00f3n incompleta. 1 sin vacunaci\u00f3n).<\/p>\n<p>COLMENA<br \/>\nPositivos nuevos 0<br \/>\nAltas 0<br \/>\nPositivos activos 0<\/p>\n<p>GARABATO<br \/>\n<span style=\"color: #ff0000;\"><strong>Positivos nuevos 1<\/strong><\/span><br \/>\nAltas 5<br \/>\nPositivos activos 33<\/p>\n<p>TARTAGAL<br \/>\n<span style=\"color: #ff0000;\"><strong>Positivos nuevos 5<\/strong><\/span> (1 de Reconquista).<br \/>\nAltas 0<br \/>\nPositivos activos 13<\/p>\n<p>TOBA<br \/>\n<span style=\"color: #ff0000;\"><strong>Positivos nuevos 1<\/strong><\/span><br \/>\nAltas 0<br \/>\nPositivos activos 4 (vacunaci\u00f3n completa).<\/p>\n<p>GOLONDRINA<br \/>\nPositivos nuevos 0<br \/>\nAltas 1<br \/>\nPositivos activos 1<\/p>\n<p>LOS AMORES<br \/>\nPositivos nuevos 0<br \/>\nAltas 0<br \/>\nPositivos activos 3<\/p>\n<p>LOS TABANOS<br \/>\n<span style=\"color: #ff0000;\"><strong>Positivos nuevos 2<\/strong><\/span><br \/>\nAltas 0<br \/>\nPositivos activos 2<\/p>\n","protected":false},"excerpt":{"rendered":"<p>VERA Positivos nuevos 21 Altas 19 Positivos activos 38 Internados 3 Fallecido 1 (sin vacunaci\u00f3n). CALCHAQUI Positivos nuevos 33 Altas 11 Positivos activos 65 MARGARITA Positivos nuevos 0 Altas 10 Positivos activos 25 LA GALLARETA Positivos nuevos 4 (se esperan 3 resultados por PCR). Altas 0 Positivos activos 66 FORTIN OLMOS Positivos nuevos 3 Altas [&hellip;]<\/p>\n","protected":false},"author":3,"featured_media":0,"comment_status":"closed","ping_status":"closed","sticky":false,"template":"","format":"standard","meta":{"_joinchat":[],"footnotes":""},"categories":[53],"tags":[],"class_list":{"0":"post-31139","1":"post","2":"type-post","3":"status-publish","4":"format-standard","6":"category-vera"},"_links":{"self":[{"href":"https:\/\/infovera.com.ar\/web\/wp-json\/wp\/v2\/posts\/31139","targetHints":{"allow":["GET"]}}],"collection":[{"href":"https:\/\/infovera.com.ar\/web\/wp-json\/wp\/v2\/posts"}],"about":[{"href":"https:\/\/infovera.com.ar\/web\/wp-json\/wp\/v2\/types\/post"}],"author":[{"embeddable":true,"href":"https:\/\/infovera.com.ar\/web\/wp-json\/wp\/v2\/users\/3"}],"replies":[{"embeddable":true,"href":"https:\/\/infovera.com.ar\/web\/wp-json\/wp\/v2\/comments?post=31139"}],"version-history":[{"count":0,"href":"https:\/\/infovera.com.ar\/web\/wp-json\/wp\/v2\/posts\/31139\/revisions"}],"wp:attachment":[{"href":"https:\/\/infovera.com.ar\/web\/wp-json\/wp\/v2\/media?parent=31139"}],"wp:term":[{"taxonomy":"category","embeddable":true,"href":"https:\/\/infovera.com.ar\/web\/wp-json\/wp\/v2\/categories?post=31139"},{"taxonomy":"post_tag","embeddable":true,"href":"https:\/\/infovera.com.ar\/web\/wp-json\/wp\/v2\/tags?post=31139"}],"curies":[{"name":"wp","href":"https:\/\/api.w.org\/{rel}","templated":true}]}}