{"id":31131,"date":"2022-01-18T13:05:46","date_gmt":"2022-01-18T16:05:46","guid":{"rendered":"https:\/\/infovera.com.ar\/web\/?p=31131"},"modified":"2022-01-18T13:05:46","modified_gmt":"2022-01-18T16:05:46","slug":"vandalizaron-las-letras-identificatorias-del-ingreso-a-la-gallareta","status":"publish","type":"post","link":"https:\/\/infovera.com.ar\/web\/2022\/01\/18\/vandalizaron-las-letras-identificatorias-del-ingreso-a-la-gallareta\/","title":{"rendered":"Vandalizaron las letras identificatorias del ingreso a La Gallareta"},"content":{"rendered":"<p><strong>La Comuna hizo un llamado a la reflexi\u00f3n tras conocerse el acto delictivo:<\/strong><\/p>\n<p>&#8220;En la ma\u00f1ana de hoy martes 18 de enero una de las letras corp\u00f3reas fue arrancada y otra forzada hasta casi ser desprendida. No fue el viento, ya que las mismas est\u00e1n prendidas de la base con hierros barra del 8.<\/p>\n<p>Sabemos que #LaComunidadNoFue, si una o algunas personas han cometido este acto vergonzoso que da\u00f1a algo que es de todos, por esta raz\u00f3n #LlamamosAReflexionar a esta persona o el grupo de personas que cometi\u00f3 el da\u00f1o&#8221;.<\/p>\n","protected":false},"excerpt":{"rendered":"<p>La Comuna hizo un llamado a la reflexi\u00f3n tras conocerse el acto delictivo: &#8220;En la ma\u00f1ana de hoy martes 18 de enero una de las letras corp\u00f3reas fue arrancada y otra forzada hasta casi ser desprendida. No fue el viento, ya que las mismas est\u00e1n prendidas de la base con hierros barra del 8. Sabemos [&hellip;]<\/p>\n","protected":false},"author":3,"featured_media":31132,"comment_status":"closed","ping_status":"closed","sticky":false,"template":"","format":"standard","meta":{"_joinchat":[],"footnotes":""},"categories":[51],"tags":[],"class_list":{"0":"post-31131","1":"post","2":"type-post","3":"status-publish","4":"format-standard","5":"has-post-thumbnail","7":"category-locales"},"_links":{"self":[{"href":"https:\/\/infovera.com.ar\/web\/wp-json\/wp\/v2\/posts\/31131","targetHints":{"allow":["GET"]}}],"collection":[{"href":"https:\/\/infovera.com.ar\/web\/wp-json\/wp\/v2\/posts"}],"about":[{"href":"https:\/\/infovera.com.ar\/web\/wp-json\/wp\/v2\/types\/post"}],"author":[{"embeddable":true,"href":"https:\/\/infovera.com.ar\/web\/wp-json\/wp\/v2\/users\/3"}],"replies":[{"embeddable":true,"href":"https:\/\/infovera.com.ar\/web\/wp-json\/wp\/v2\/comments?post=31131"}],"version-history":[{"count":0,"href":"https:\/\/infovera.com.ar\/web\/wp-json\/wp\/v2\/posts\/31131\/revisions"}],"wp:featuredmedia":[{"embeddable":true,"href":"https:\/\/infovera.com.ar\/web\/wp-json\/wp\/v2\/media\/31132"}],"wp:attachment":[{"href":"https:\/\/infovera.com.ar\/web\/wp-json\/wp\/v2\/media?parent=31131"}],"wp:term":[{"taxonomy":"category","embeddable":true,"href":"https:\/\/infovera.com.ar\/web\/wp-json\/wp\/v2\/categories?post=31131"},{"taxonomy":"post_tag","embeddable":true,"href":"https:\/\/infovera.com.ar\/web\/wp-json\/wp\/v2\/tags?post=31131"}],"curies":[{"name":"wp","href":"https:\/\/api.w.org\/{rel}","templated":true}]}}