{"id":31108,"date":"2022-01-18T11:43:16","date_gmt":"2022-01-18T14:43:16","guid":{"rendered":"https:\/\/infovera.com.ar\/web\/?p=31108"},"modified":"2022-01-20T12:55:57","modified_gmt":"2022-01-20T15:55:57","slug":"urgente-relevaron-a-borovachi-jefe-de-la-unidad-regional-xix","status":"publish","type":"post","link":"https:\/\/infovera.com.ar\/web\/2022\/01\/18\/urgente-relevaron-a-borovachi-jefe-de-la-unidad-regional-xix\/","title":{"rendered":"Relevaron a Borovachi de la Unidad Regional XIX y designaron a un nuevo jefe"},"content":{"rendered":"<p><strong>Seguridad relev\u00f3 de su puesto al frente de la departamental al Subdirector de Polic\u00eda Daniel Gustavo Borovachi y dispuso que asuma la jefatura de San Crist\u00f3bal.<\/strong><\/p>\n<p>En la Unidad Regional XIX asume el Subdirector de Polic\u00eda Omar Gustavo Duarte, que estaba como subjefe en Las Colonias.<\/p>\n<p><strong>La resoluci\u00f3n oficial fechada el 17 de enero:\u00a0<\/strong><\/p>\n<p>VISTO:<\/p>\n<p>El expediente N\u00b0 00201-0232432-3, del registro del Sistema de Informaci\u00f3n de Expedientes \u2014 MINISTERIO DE SEGURIDAD. cuyas actuaciones est\u00e1n relacionadas con dejar sin efecto los nombramientos en la Unidad Regional XI &#8211; Departamento Las Colonias, Unidad Regional XIX \u2014 Departamento Vera y Unidad Regional\u00a0 XIII &#8211; Departamento San Crist\u00f3bal y efectuar nombramientos en la Unidad Regional XIII &#8211; Departamento San Crist\u00f3bal, Unidad Regional XII &#8211; Departamento 9 de Julio y Unidad Regional XIX &#8211; Departamento Vera; y<\/p>\n<p>CONSIDERANDO:<\/p>\n<p>Que por medio de la nota N\u00b0 145 del 29 de diciembre de 2021 la Sra. Jefa de Polic\u00eda solicit\u00f3 dejar sin efecto los nombramientos en la Unidad Regional XI &#8211; Departamento Las Colonias, Unidad Regional XIX \u2014 Departamento Vera y Unidad Regional XIII &#8211; Departamento San Crist\u00f3bal y efectuar nombramientos en la Unidad Regional XIII &#8211; Departamento San Crist\u00f3bal, Unidad Regional XII &#8211; Departamento 9 de Julio y Unidad Regional XIX &#8211; Departamento Vera;<\/p>\n<p>Que la presente gesti\u00f3n se encuentra establecida en el Decreto N\u00b0 0032 de fecha 15 de enero de 2016, el cual en su Art. 1\u00b0 aprueba el &#8220;Procedimiento para la<br \/>\nEfectivizaci\u00f3n de Nombramientos de Jefe y Subjefe de Unidades Regionales, Jefe de la Plana Mayor y Jefes de Departamento de la Plana Mayor de la Polic\u00eda de la Provincia de Santa Fe&#8221;;<\/p>\n<p>Que en uso de las competencias asignadas por la Ley Org\u00e1nica de<br \/>\nMinisterios y conforme a las facultades conferidas por el Art. 4\u00b0 del Decreto N\u00b0 0032\/2016,<br \/>\ncorresponde dar curso favorable a la presente gesti\u00f3n;<\/p>\n<p>POR ELLO, EL MINISTRO DE SEGURIDAD RESUELVE:<\/p>\n<p><strong>ARTICULO 1\u00b0 \u2014 Dejar sin efecto, en los cargos que se detallan, al personal de la Polic\u00eda de la Provincia que se consigna a continuaci\u00f3n:<\/strong><\/p>\n<p>UNIDAD REGIONAL XI\u2014 DEPARTAMENTO LAS COLONIAS<br \/>\nSEGUNDO JEFE<br \/>\nSubdirector de Polic\u00eda Omar Gustavo Duarte (Clase 1974 \u2014 C.U.I.L. 20-23751634-7)<br \/>\ndispuesto por Resoluci\u00f3n Ministerial N\u00b00083 de 12 de abril de 2021.<\/p>\n<p><strong>UNIDAD REGIONAL XIX \u2014 DEPARTAMENTO VERA<\/strong><br \/>\n<strong>JEFE<\/strong><br \/>\nSubdirector de Polic\u00eda <strong>Daniel Gustavo Borovachi<\/strong> (Clase 1973 \u2014 C.U.I.L. 20-23254270-6)<br \/>\ndispuesto por Resoluci\u00f3n Ministerial N\u00b0 0185 de 05 de marzo de 2021.<br \/>\nUNIDAD REGIONAL XIII\u2014 DEPARTAMENTO SAN CRISTOBAL<br \/>\nJEFE<\/p>\n<p>Director de Polic\u00eda Daniel Fernando Filchel (Clase 1970 \u2014 C.U.1.L. 20-21816254-2)<br \/>\ndispuesto por Resoluci\u00f3n Ministerial N\u00b0 0431 de 04 de junio de 2021.<br \/>\nUNIDAD REGIONAL XIII \u2014 DEPARTAMENTO SAN CRISTOBAL<br \/>\nSEGUNDO JEFE<\/p>\n<p>Subdirector de Polic\u00eda Gerardo Luis Carrion (Clase 1971 \u2014 C.U.I.L. 23-22178936-9)<br \/>\ndispuesto por Resoluci\u00f3n Ministerial N\u00b0 0083 de 12 de abril de 2021.<\/p>\n<p><strong>ART\u00cdCULO 2\u00b0: Nombrar en los cargos que se detallan, al personal de la Polic\u00eda<\/strong><br \/>\n<strong>de la Provincia que se consigna a continuaci\u00f3n:<\/strong><\/p>\n<p><strong>UNIDAD REGIONAL XIII \u2014 DEPARTAMENTO SAN CRISTOBAL\u00a0<\/strong><br \/>\n<strong>JEFE:\u00a0Subdirector de Polic\u00eda DANIEL GUSTAVO BOROVACHI (Clase 1973 \u2014 C.U.I.L. 20-<\/strong><br \/>\n<strong>23254270-6).<\/strong><\/p>\n<p>UNIDAD REGIONAL XIII \u2014 DEPARTAMENTO SAN CRISTOBAL<br \/>\nSEGUNDO JEFE: Subdirector de Polic\u00eda FERNANDO HECTOR DEMASI (Clase 1974 \u2014 C.U.I.L. 20- 22469196-4).<\/p>\n<p>UNIDAD REGIONAL XII \u2014 DEPARTAMENTO 9 DE JULIO\u00a0 SEGUNDO JEFE: Subdirector de Polic\u00eda CRISTIAN MARCELO SOTO (Clase 1977\u2014 C.U.I.L. 20-25480931-<br \/>\n5).<\/p>\n<p><strong>UNIDAD REGIONAL XIX \u2014 DEPARTAMENTO VERA<\/strong><br \/>\n<strong>JEFE: Subdirector de Polic\u00eda OMAR GUSTAVO DUARTE (Clase 1974 \u2014 C.U.I.L. 20-23751634-<\/strong><\/p>\n","protected":false},"excerpt":{"rendered":"<p>Seguridad relev\u00f3 de su puesto al frente de la departamental al Subdirector de Polic\u00eda Daniel Gustavo Borovachi y dispuso que asuma la jefatura de San Crist\u00f3bal. En la Unidad Regional XIX asume el Subdirector de Polic\u00eda Omar Gustavo Duarte, que estaba como subjefe en Las Colonias. La resoluci\u00f3n oficial fechada el 17 de enero:\u00a0 VISTO: [&hellip;]<\/p>\n","protected":false},"author":3,"featured_media":31111,"comment_status":"closed","ping_status":"closed","sticky":false,"template":"","format":"standard","meta":{"_joinchat":[],"footnotes":""},"categories":[53],"tags":[],"class_list":{"0":"post-31108","1":"post","2":"type-post","3":"status-publish","4":"format-standard","5":"has-post-thumbnail","7":"category-vera"},"_links":{"self":[{"href":"https:\/\/infovera.com.ar\/web\/wp-json\/wp\/v2\/posts\/31108","targetHints":{"allow":["GET"]}}],"collection":[{"href":"https:\/\/infovera.com.ar\/web\/wp-json\/wp\/v2\/posts"}],"about":[{"href":"https:\/\/infovera.com.ar\/web\/wp-json\/wp\/v2\/types\/post"}],"author":[{"embeddable":true,"href":"https:\/\/infovera.com.ar\/web\/wp-json\/wp\/v2\/users\/3"}],"replies":[{"embeddable":true,"href":"https:\/\/infovera.com.ar\/web\/wp-json\/wp\/v2\/comments?post=31108"}],"version-history":[{"count":0,"href":"https:\/\/infovera.com.ar\/web\/wp-json\/wp\/v2\/posts\/31108\/revisions"}],"wp:featuredmedia":[{"embeddable":true,"href":"https:\/\/infovera.com.ar\/web\/wp-json\/wp\/v2\/media\/31111"}],"wp:attachment":[{"href":"https:\/\/infovera.com.ar\/web\/wp-json\/wp\/v2\/media?parent=31108"}],"wp:term":[{"taxonomy":"category","embeddable":true,"href":"https:\/\/infovera.com.ar\/web\/wp-json\/wp\/v2\/categories?post=31108"},{"taxonomy":"post_tag","embeddable":true,"href":"https:\/\/infovera.com.ar\/web\/wp-json\/wp\/v2\/tags?post=31108"}],"curies":[{"name":"wp","href":"https:\/\/api.w.org\/{rel}","templated":true}]}}