{"id":31087,"date":"2022-01-18T10:37:49","date_gmt":"2022-01-18T13:37:49","guid":{"rendered":"https:\/\/infovera.com.ar\/web\/?p=31087"},"modified":"2022-01-20T12:56:44","modified_gmt":"2022-01-20T15:56:44","slug":"durante-el-domingo-incendios-afectaron-a-1350-hectareas-en-el-departamento-vera","status":"publish","type":"post","link":"https:\/\/infovera.com.ar\/web\/2022\/01\/18\/durante-el-domingo-incendios-afectaron-a-1350-hectareas-en-el-departamento-vera\/","title":{"rendered":"Durante el domingo, incendios afectaron a 1350 hect\u00e1reas en el departamento Vera"},"content":{"rendered":"<p><strong>En la jornada de ayer, bomberos de la agrupaci\u00f3n Vera intervinieron en incendios de pastizales y campos. Los mismos tuvieron lugar en los siguientes lugares:<\/strong><\/p>\n<p>-En un terreno bald\u00edo de calle Espa\u00f1a y Belgrano de la ciudad cabecera.<\/p>\n<p>-En un campo de la localidad de La Gallareta, resultando afectado 1000 hect\u00e1reas aproximadamente.<\/p>\n<p>-En pastura natural y \u00e1rboles de un campo ubicado en Paraje KM 38. Result\u00f3 afectado por la acci\u00f3n del proceso combustivo 350 hect\u00e1reas.<\/p>\n","protected":false},"excerpt":{"rendered":"<p>En la jornada de ayer, bomberos de la agrupaci\u00f3n Vera intervinieron en incendios de pastizales y campos. Los mismos tuvieron lugar en los siguientes lugares: -En un terreno bald\u00edo de calle Espa\u00f1a y Belgrano de la ciudad cabecera. -En un campo de la localidad de La Gallareta, resultando afectado 1000 hect\u00e1reas aproximadamente. -En pastura natural [&hellip;]<\/p>\n","protected":false},"author":3,"featured_media":31089,"comment_status":"closed","ping_status":"closed","sticky":false,"template":"","format":"standard","meta":{"_joinchat":[],"footnotes":""},"categories":[51],"tags":[],"class_list":{"0":"post-31087","1":"post","2":"type-post","3":"status-publish","4":"format-standard","5":"has-post-thumbnail","7":"category-locales"},"_links":{"self":[{"href":"https:\/\/infovera.com.ar\/web\/wp-json\/wp\/v2\/posts\/31087","targetHints":{"allow":["GET"]}}],"collection":[{"href":"https:\/\/infovera.com.ar\/web\/wp-json\/wp\/v2\/posts"}],"about":[{"href":"https:\/\/infovera.com.ar\/web\/wp-json\/wp\/v2\/types\/post"}],"author":[{"embeddable":true,"href":"https:\/\/infovera.com.ar\/web\/wp-json\/wp\/v2\/users\/3"}],"replies":[{"embeddable":true,"href":"https:\/\/infovera.com.ar\/web\/wp-json\/wp\/v2\/comments?post=31087"}],"version-history":[{"count":0,"href":"https:\/\/infovera.com.ar\/web\/wp-json\/wp\/v2\/posts\/31087\/revisions"}],"wp:featuredmedia":[{"embeddable":true,"href":"https:\/\/infovera.com.ar\/web\/wp-json\/wp\/v2\/media\/31089"}],"wp:attachment":[{"href":"https:\/\/infovera.com.ar\/web\/wp-json\/wp\/v2\/media?parent=31087"}],"wp:term":[{"taxonomy":"category","embeddable":true,"href":"https:\/\/infovera.com.ar\/web\/wp-json\/wp\/v2\/categories?post=31087"},{"taxonomy":"post_tag","embeddable":true,"href":"https:\/\/infovera.com.ar\/web\/wp-json\/wp\/v2\/tags?post=31087"}],"curies":[{"name":"wp","href":"https:\/\/api.w.org\/{rel}","templated":true}]}}