{"id":31004,"date":"2022-01-12T20:00:06","date_gmt":"2022-01-12T23:00:06","guid":{"rendered":"https:\/\/infovera.com.ar\/web\/?p=31004"},"modified":"2022-01-18T11:13:46","modified_gmt":"2022-01-18T14:13:46","slug":"en-vera-los-bajones-de-energia-no-paran-y-los-usuarios-denuncian-quema-de-electrodomesticos","status":"publish","type":"post","link":"https:\/\/infovera.com.ar\/web\/2022\/01\/12\/en-vera-los-bajones-de-energia-no-paran-y-los-usuarios-denuncian-quema-de-electrodomesticos\/","title":{"rendered":"En Vera, los bajones de energ\u00eda no paran y los usuarios denuncian quema de electrodom\u00e9sticos"},"content":{"rendered":"<p><strong>Los usuarios de la EPE\u00a0 de esta ciudsd est\u00e1n que trinan desde hace d\u00edas por los bajones y apagones de energ\u00eda el\u00e9ctrica.<\/strong><\/p>\n<p>Generalmente, se producen a la siesta, en horarios de alto consumo y afectan por igual a toda la ciudad.<\/p>\n<p>Varios vecinos se comunicaron con InfoVera para expresar el profundo y marcado malestar que generan estas idas y vueltas del suministro el\u00e9ctrico, y aseguraron que sufrieron las quemaduras (roturas, en dos casos puntuales, de un plasma de TV y un freezer de un local comercial.<\/p>\n<p>&#8220;Controlamos y hay d\u00edas en que hay bajones muy seguidos&#8221;, protest\u00f3 una usuaria. La bronca de la gente por esta situaci\u00f3n que viene de a\u00f1os se hace sentir en las redes sociales y en los canales de comunicaci\u00f3n de los portales de noticias.<\/p>\n<p>&#8220;La gente tiene miedo y desechufa las cosas para que les quemen, pero con el calor que hace es imposible estar sin aire o ventilador a esa hora&#8221;, escribi\u00f3 un lector al Whatsapp de <strong>InfoVera: <span style=\"color: #3366ff;\">3482 231222<\/span><\/strong><\/p>\n<p>&#8220;Qui\u00e9n se hace cargo de los electrodom\u00e9sticos que se queman con los bajones y cortes de luz?&#8221;, inquiri\u00f3 un mujer, que dijo estar harta de que &#8220;ni el ventilador anda&#8221;.<\/p>\n<p><strong>InfoVera<\/strong> realiz\u00f3 una consulta a un t\u00e9cnico de la Sucursal Vera de la EPE. Al respecto, se\u00f1al\u00f3 que estos minicortes se deben a factores ajenos a la jurisdicci\u00f3n y se originan en inconvenientes que afectan a la red del Sistema Nacional Integrado debido a los alt\u00edsimos consumos que se registran por la ola de calor.<\/p>\n<p>Justamente, la EPE inform\u00f3 hoy que a las 14:41 se produjo un nuevo colapso de tensi\u00f3n en la regi\u00f3n NEA del sistema nacional, que provoc\u00f3 el desenganche de 90 MW en instalaciones de San Javier, Chapero en Reconquista y Calchaqu\u00ed, que luego fue normalizado.<\/p>\n","protected":false},"excerpt":{"rendered":"<p>Los usuarios de la EPE\u00a0 de esta ciudsd est\u00e1n que trinan desde hace d\u00edas por los bajones y apagones de energ\u00eda el\u00e9ctrica. Generalmente, se producen a la siesta, en horarios de alto consumo y afectan por igual a toda la ciudad. Varios vecinos se comunicaron con InfoVera para expresar el profundo y marcado malestar que [&hellip;]<\/p>\n","protected":false},"author":3,"featured_media":31010,"comment_status":"closed","ping_status":"closed","sticky":false,"template":"","format":"standard","meta":{"_joinchat":[],"footnotes":""},"categories":[53],"tags":[],"class_list":{"0":"post-31004","1":"post","2":"type-post","3":"status-publish","4":"format-standard","5":"has-post-thumbnail","7":"category-vera"},"_links":{"self":[{"href":"https:\/\/infovera.com.ar\/web\/wp-json\/wp\/v2\/posts\/31004","targetHints":{"allow":["GET"]}}],"collection":[{"href":"https:\/\/infovera.com.ar\/web\/wp-json\/wp\/v2\/posts"}],"about":[{"href":"https:\/\/infovera.com.ar\/web\/wp-json\/wp\/v2\/types\/post"}],"author":[{"embeddable":true,"href":"https:\/\/infovera.com.ar\/web\/wp-json\/wp\/v2\/users\/3"}],"replies":[{"embeddable":true,"href":"https:\/\/infovera.com.ar\/web\/wp-json\/wp\/v2\/comments?post=31004"}],"version-history":[{"count":0,"href":"https:\/\/infovera.com.ar\/web\/wp-json\/wp\/v2\/posts\/31004\/revisions"}],"wp:featuredmedia":[{"embeddable":true,"href":"https:\/\/infovera.com.ar\/web\/wp-json\/wp\/v2\/media\/31010"}],"wp:attachment":[{"href":"https:\/\/infovera.com.ar\/web\/wp-json\/wp\/v2\/media?parent=31004"}],"wp:term":[{"taxonomy":"category","embeddable":true,"href":"https:\/\/infovera.com.ar\/web\/wp-json\/wp\/v2\/categories?post=31004"},{"taxonomy":"post_tag","embeddable":true,"href":"https:\/\/infovera.com.ar\/web\/wp-json\/wp\/v2\/tags?post=31004"}],"curies":[{"name":"wp","href":"https:\/\/api.w.org\/{rel}","templated":true}]}}