{"id":30959,"date":"2022-01-11T19:08:32","date_gmt":"2022-01-11T22:08:32","guid":{"rendered":"https:\/\/infovera.com.ar\/web\/?p=30959"},"modified":"2022-01-11T19:08:32","modified_gmt":"2022-01-11T22:08:32","slug":"no-deberan-aislarse-los-contactos-estrechos-asintomaticos","status":"publish","type":"post","link":"https:\/\/infovera.com.ar\/web\/2022\/01\/11\/no-deberan-aislarse-los-contactos-estrechos-asintomaticos\/","title":{"rendered":"No deber\u00e1n aislarse los contactos estrechos asintom\u00e1ticos"},"content":{"rendered":"<p>As\u00ed lo acordaron las autoridades sanitarias de todo el pa\u00eds, luego de una nueva reuni\u00f3n del Consejo Federal de Salud (COFESA).<\/p>\n<p>&nbsp;<\/p>\n<p>Tras una nueva reuni\u00f3n del Consejo Federal de Salud (COFESA) presidida por la ministra de Salud de la Naci\u00f3n, Carla Vizzotti y en la cual particip\u00f3 la ministra de Salud provincial, Sonia Martorano, junto a las autoridades sanitarias de las 24 jurisdicciones de todo el pa\u00eds, se inform\u00f3 que los contactos estrechos de pacientes positivos de Covid-19 que no presenten s\u00edntomas y cuenten con dos dosis no tendr\u00e1n que hacer aislamiento.<\/p>\n<p>En este sentido, Martorano afirm\u00f3: \u201cEl aumento de casos y de contactos estrechos, incrementa los aislamientos, poniendo en riesgo actividades esenciales, productivas y estrat\u00e9gicas. Este escenario exige que las medidas sanitarias se adapten, priorizando la salud y sosteniendo las actividades productivas y estrat\u00e9gicas\u201d.<\/p>\n<p>&nbsp;<\/p>\n<p>Adem\u00e1s, agreg\u00f3: \u201cCabe destacar que la alta transmisibilidad hace que aumenten los casos pero que esto no se refleje en las Unidades de Terapia Intensiva, es decir que se reduce el impacto sanitario (con 2 dosis las hospitalizaciones bajaron un 65% y con tercera un 81%)\u201d.<\/p>\n<p>&nbsp;<\/p>\n<p>CONTACTOS ESTRECHOS ASINTOM\u00c1TICOS SIN AISLAMIENTO<\/p>\n<p>&nbsp;<\/p>\n<p>En este sentido, desde la cartera sanitaria se resolvi\u00f3 que quienes tengan colocadas 2 dosis con menos de 5 meses, hayan recibido las tres dosis con m\u00e1s de 14 d\u00edas transcurridos o que hayan tenido Covid en los \u00faltimos 90 d\u00edas, podr\u00e1n regresar a sus actividades laborales, circular con cuidado estricto, no sociabilizar, estricto uso de barbijo, al igual que ventilar permanentemente los ambientes, y tendr\u00e1 que realizar un automonitoreo diario de s\u00edntomas.<\/p>\n<p>&nbsp;<\/p>\n<p>Cabe se\u00f1alar que la App Cuidar permanecer\u00e1 bloqueada por 10 d\u00edas, por lo que no dispondr\u00e1 del \u201cPase sanitario\u201d.<\/p>\n<p>&nbsp;<\/p>\n<p>TESTEOS<\/p>\n<p>&nbsp;<\/p>\n<p>Adem\u00e1s, en la reuni\u00f3n llevada a cabo esta ma\u00f1ana por parte de ministros y ministras de todo el pa\u00eds, se lleg\u00f3 a un acuerdo sobre las personas que deben hisoparse o no. Al respecto, se paut\u00f3 que:<\/p>\n<p>&nbsp;<\/p>\n<p>Deben hisoparse:<\/p>\n<p>&nbsp;<\/p>\n<p>&gt;&gt; Personas con dos o m\u00e1s s\u00edntomas, con factores de riesgo o mayores de 60 a\u00f1os<\/p>\n<p>&nbsp;<\/p>\n<p>No deben hisoparse:<\/p>\n<p>&nbsp;<\/p>\n<p>&gt;&gt; Personas asintom\u00e1ticas.<\/p>\n<p>&nbsp;<\/p>\n<p>&gt;&gt; Personas con dos o m\u00e1s s\u00edntomas, con o sin, contacto estrecho identificado (se consideran positivos).<\/p>\n<p>&nbsp;<\/p>\n<p>&gt;&gt; Personas que hayan tenido Covid en los \u00faltimos 90 d\u00edas y hayan sido contacto estrecho de un caso positivo.<\/p>\n","protected":false},"excerpt":{"rendered":"<p>As\u00ed lo acordaron las autoridades sanitarias de todo el pa\u00eds, luego de una nueva reuni\u00f3n del Consejo Federal de Salud (COFESA). &nbsp; Tras una nueva reuni\u00f3n del Consejo Federal de Salud (COFESA) presidida por la ministra de Salud de la Naci\u00f3n, Carla Vizzotti y en la cual particip\u00f3 la ministra de Salud provincial, Sonia Martorano, [&hellip;]<\/p>\n","protected":false},"author":3,"featured_media":30960,"comment_status":"closed","ping_status":"closed","sticky":false,"template":"","format":"standard","meta":{"_joinchat":[],"footnotes":""},"categories":[60],"tags":[],"class_list":{"0":"post-30959","1":"post","2":"type-post","3":"status-publish","4":"format-standard","5":"has-post-thumbnail","7":"category-provinciales"},"_links":{"self":[{"href":"https:\/\/infovera.com.ar\/web\/wp-json\/wp\/v2\/posts\/30959","targetHints":{"allow":["GET"]}}],"collection":[{"href":"https:\/\/infovera.com.ar\/web\/wp-json\/wp\/v2\/posts"}],"about":[{"href":"https:\/\/infovera.com.ar\/web\/wp-json\/wp\/v2\/types\/post"}],"author":[{"embeddable":true,"href":"https:\/\/infovera.com.ar\/web\/wp-json\/wp\/v2\/users\/3"}],"replies":[{"embeddable":true,"href":"https:\/\/infovera.com.ar\/web\/wp-json\/wp\/v2\/comments?post=30959"}],"version-history":[{"count":0,"href":"https:\/\/infovera.com.ar\/web\/wp-json\/wp\/v2\/posts\/30959\/revisions"}],"wp:featuredmedia":[{"embeddable":true,"href":"https:\/\/infovera.com.ar\/web\/wp-json\/wp\/v2\/media\/30960"}],"wp:attachment":[{"href":"https:\/\/infovera.com.ar\/web\/wp-json\/wp\/v2\/media?parent=30959"}],"wp:term":[{"taxonomy":"category","embeddable":true,"href":"https:\/\/infovera.com.ar\/web\/wp-json\/wp\/v2\/categories?post=30959"},{"taxonomy":"post_tag","embeddable":true,"href":"https:\/\/infovera.com.ar\/web\/wp-json\/wp\/v2\/tags?post=30959"}],"curies":[{"name":"wp","href":"https:\/\/api.w.org\/{rel}","templated":true}]}}