{"id":30948,"date":"2022-01-11T12:55:41","date_gmt":"2022-01-11T15:55:41","guid":{"rendered":"https:\/\/infovera.com.ar\/web\/?p=30948"},"modified":"2022-01-12T15:11:41","modified_gmt":"2022-01-12T18:11:41","slug":"un-enclave-de-la-cuna-esta-entre-los-lugares-con-peligro-extremo-de-incendio","status":"publish","type":"post","link":"https:\/\/infovera.com.ar\/web\/2022\/01\/11\/un-enclave-de-la-cuna-esta-entre-los-lugares-con-peligro-extremo-de-incendio\/","title":{"rendered":"Un enclave de la Cu\u00f1a est\u00e1 entre los lugares con peligro extremo de incendio"},"content":{"rendered":"<p><strong>La advertencia fue realizada por el Servicio Meteorol\u00f3gico Nacional (SMN). Dos corresponden a los departamentos 9 de Julio y Vera, cuatro est\u00e1n en el centro provincial y otros dos en el sur.<\/strong><\/p>\n<p>Seg\u00fan el Sistema de Alerta Temprana (SAT) del Servicio Meteorol\u00f3gico Nacional (SMN), en Santa Fe hay ocho focos con la calificaci\u00f3n de &#8220;peligro extremo&#8221; por incendios: dos son en los departamentos 9 de Julio y <strong>Vera (la zona de La Tigra, que abarca a Fort\u00edn Olmos e Intiyaco, donde un incendio activo ya consumi\u00f3 varias hect\u00e1reas de pastizales),<\/strong> cuatro est\u00e1n en el centro provincial y otros dos en el sur.<\/p>\n<p>Para el \u00cdndice de Peligro de Incendios Forestales de la Secretaria de Ambiente de la Naci\u00f3n, el indicador &#8220;extremo&#8221; significa que la &#8220;situaci\u00f3n deber\u00eda considerarse potencialmente \u201cexplosiva\u201d o extremadamente cr\u00edtica&#8221;.<\/p>\n<p><strong>Recomendaciones para evitar la contaminaci\u00f3n y los incendios en zona de islas<\/strong><\/p>\n<p>Adem\u00e1s, en el informe de Incendios del Servicio Nacional de Manejo del Fuego (SNMF) del Ministerio Ambiente de la Naci\u00f3n, se indica que este lunes la provincia de Santa Fe tiene dos focos de incendios; uno en Vera, que est\u00e1 activo, y otro en el departamento La Capital que est\u00e1 &#8220;controlado&#8221;.<\/p>\n<p>Al respecto, el Ministerio de Ambiente anunci\u00f3 que envi\u00f3 los medios a\u00e9reos requeridos por las provincias, que se encuentran operativos, y pone a disposici\u00f3n m\u00e1s recursos y personal para combatir el fuego en el caso de ser solicitados.<\/p>\n<p>En el caso de Santa Fe, el despliegue consiste en un helic\u00f3ptero con helibalde y un avi\u00f3n hidrante pertenecientes al SNMF.<\/p>\n","protected":false},"excerpt":{"rendered":"<p>La advertencia fue realizada por el Servicio Meteorol\u00f3gico Nacional (SMN). Dos corresponden a los departamentos 9 de Julio y Vera, cuatro est\u00e1n en el centro provincial y otros dos en el sur. Seg\u00fan el Sistema de Alerta Temprana (SAT) del Servicio Meteorol\u00f3gico Nacional (SMN), en Santa Fe hay ocho focos con la calificaci\u00f3n de &#8220;peligro [&hellip;]<\/p>\n","protected":false},"author":3,"featured_media":0,"comment_status":"closed","ping_status":"closed","sticky":false,"template":"","format":"standard","meta":{"_joinchat":[],"footnotes":""},"categories":[51],"tags":[],"class_list":{"0":"post-30948","1":"post","2":"type-post","3":"status-publish","4":"format-standard","6":"category-locales"},"_links":{"self":[{"href":"https:\/\/infovera.com.ar\/web\/wp-json\/wp\/v2\/posts\/30948","targetHints":{"allow":["GET"]}}],"collection":[{"href":"https:\/\/infovera.com.ar\/web\/wp-json\/wp\/v2\/posts"}],"about":[{"href":"https:\/\/infovera.com.ar\/web\/wp-json\/wp\/v2\/types\/post"}],"author":[{"embeddable":true,"href":"https:\/\/infovera.com.ar\/web\/wp-json\/wp\/v2\/users\/3"}],"replies":[{"embeddable":true,"href":"https:\/\/infovera.com.ar\/web\/wp-json\/wp\/v2\/comments?post=30948"}],"version-history":[{"count":0,"href":"https:\/\/infovera.com.ar\/web\/wp-json\/wp\/v2\/posts\/30948\/revisions"}],"wp:attachment":[{"href":"https:\/\/infovera.com.ar\/web\/wp-json\/wp\/v2\/media?parent=30948"}],"wp:term":[{"taxonomy":"category","embeddable":true,"href":"https:\/\/infovera.com.ar\/web\/wp-json\/wp\/v2\/categories?post=30948"},{"taxonomy":"post_tag","embeddable":true,"href":"https:\/\/infovera.com.ar\/web\/wp-json\/wp\/v2\/tags?post=30948"}],"curies":[{"name":"wp","href":"https:\/\/api.w.org\/{rel}","templated":true}]}}