{"id":30918,"date":"2022-01-10T13:52:38","date_gmt":"2022-01-10T16:52:38","guid":{"rendered":"https:\/\/infovera.com.ar\/web\/?p=30918"},"modified":"2022-01-10T13:52:38","modified_gmt":"2022-01-10T16:52:38","slug":"por-la-ola-de-calor-la-epe-recomienda-el-uso-eficiente-de-la-energia-en-santa-fe","status":"publish","type":"post","link":"https:\/\/infovera.com.ar\/web\/2022\/01\/10\/por-la-ola-de-calor-la-epe-recomienda-el-uso-eficiente-de-la-energia-en-santa-fe\/","title":{"rendered":"Por la ola de calor, la EPE recomienda el uso eficiente de la energ\u00eda en Santa Fe"},"content":{"rendered":"<p>Desde la EPE prev\u00e9n que ser\u00e1n d\u00edas de alto consumo energ\u00e9tico por lo que insistieron con una serie de recomendaciones que los usuarios pueden aplicar en sus hogares para una utilizaci\u00f3n m\u00e1s eficiente de ese recurso.<\/p>\n<p>&nbsp;<\/p>\n<p>La m\u00e1s significativa es usar los equipos de aire acondicionado a no menos de 24\u00b0 ya que cada grado por debajo de esa marca produce un consumo mayor de electricidad, de entre 5 y 10%. Al mismo tiempo, recomiendan limpiar peri\u00f3dicamente los filtros de esos equipos y vigilar el mantenimiento del mismo, como as\u00ed tambi\u00e9n mantener cerradas las aberturas de los ambientes con aire acondicionado y evitar fugas que derivan en un derroche de energ\u00eda.<\/p>\n<p>&nbsp;<\/p>\n<p>Por otro lado, aconsejaron utilizar l\u00e1mparas led y reducir consumos ociosos de electricidad, como luces y electrodom\u00e9sticos encendidos sin que ning\u00fan miembro del hogar lo est\u00e9 utilizando, vidrieras durante el d\u00eda o fuera del horario comercial, burletes de heladeras defectuosos, etc. Adem\u00e1s, pidieron tener en cuenta el etiquetado de eficiencia energ\u00e9tica de aires acondicionados, heladeras y lavarropas al momento de adquirirlos. Seg\u00fan explicaron, las m\u00e1s eficientes son de clase A.<\/p>\n<p>&nbsp;<\/p>\n<p>Por su parte, recordaron que ante inconvenientes en el servicio, los canales para comunicarse en las \u00e1reas t\u00e9cnicas de Rosario, Santa Fe y Rafaela son: 0800-777-4444, mensaje de texto (palabra luz, espacio, n\u00famero de usuario al 22215), a trav\u00e9s de la oficina virtual www.epe.santafe.gov.ar, Facebook \/epeoficial y whatsapp al n\u00famero 342 5101000.<\/p>\n<p>&nbsp;<\/p>\n<p>La EPE advierte que, como consecuencia del desarrollo de rebrote de la pandemia covid, 374 agentes de distintos sectores de la organizaci\u00f3n se encuentran aislados o con confirmaci\u00f3n de la enfermedad.<\/p>\n<p>Un porcentaje importante de estos empleados, cumplen funciones operativas espec\u00edficas de atenci\u00f3n del servicio en las calles. Esta situaci\u00f3n, puede originar eventuales demoras en la soluci\u00f3n de algunos reclamos.<\/p>\n","protected":false},"excerpt":{"rendered":"<p>Desde la EPE prev\u00e9n que ser\u00e1n d\u00edas de alto consumo energ\u00e9tico por lo que insistieron con una serie de recomendaciones que los usuarios pueden aplicar en sus hogares para una utilizaci\u00f3n m\u00e1s eficiente de ese recurso. &nbsp; La m\u00e1s significativa es usar los equipos de aire acondicionado a no menos de 24\u00b0 ya que cada [&hellip;]<\/p>\n","protected":false},"author":3,"featured_media":8744,"comment_status":"closed","ping_status":"closed","sticky":false,"template":"","format":"standard","meta":{"_joinchat":[],"footnotes":""},"categories":[60],"tags":[],"class_list":{"0":"post-30918","1":"post","2":"type-post","3":"status-publish","4":"format-standard","5":"has-post-thumbnail","7":"category-provinciales"},"_links":{"self":[{"href":"https:\/\/infovera.com.ar\/web\/wp-json\/wp\/v2\/posts\/30918","targetHints":{"allow":["GET"]}}],"collection":[{"href":"https:\/\/infovera.com.ar\/web\/wp-json\/wp\/v2\/posts"}],"about":[{"href":"https:\/\/infovera.com.ar\/web\/wp-json\/wp\/v2\/types\/post"}],"author":[{"embeddable":true,"href":"https:\/\/infovera.com.ar\/web\/wp-json\/wp\/v2\/users\/3"}],"replies":[{"embeddable":true,"href":"https:\/\/infovera.com.ar\/web\/wp-json\/wp\/v2\/comments?post=30918"}],"version-history":[{"count":0,"href":"https:\/\/infovera.com.ar\/web\/wp-json\/wp\/v2\/posts\/30918\/revisions"}],"wp:featuredmedia":[{"embeddable":true,"href":"https:\/\/infovera.com.ar\/web\/wp-json\/wp\/v2\/media\/8744"}],"wp:attachment":[{"href":"https:\/\/infovera.com.ar\/web\/wp-json\/wp\/v2\/media?parent=30918"}],"wp:term":[{"taxonomy":"category","embeddable":true,"href":"https:\/\/infovera.com.ar\/web\/wp-json\/wp\/v2\/categories?post=30918"},{"taxonomy":"post_tag","embeddable":true,"href":"https:\/\/infovera.com.ar\/web\/wp-json\/wp\/v2\/tags?post=30918"}],"curies":[{"name":"wp","href":"https:\/\/api.w.org\/{rel}","templated":true}]}}